{"id":3889,"date":"2026-02-09T08:00:53","date_gmt":"2026-02-09T11:00:53","guid":{"rendered":"https:\/\/startrico.com.br\/noticias\/gpa-nomeia-novo-cfo-3\/"},"modified":"2026-02-09T08:00:53","modified_gmt":"2026-02-09T11:00:53","slug":"gpa-nomeia-novo-cfo-3","status":"publish","type":"post","link":"https:\/\/startrico.com.br\/noticias\/gpa-nomeia-novo-cfo-3\/","title":{"rendered":"GPA Nomeia Novo CFO Com Foco Em Efici\u00eancia Financeira"},"content":{"rendered":"<h2>GPA anuncia novo CFO e refor\u00e7a compromisso com efici\u00eancia e desalavancagem<\/h2>\n<p>O GPA (P\u00e3o de A\u00e7\u00facar), identificado pela a\u00e7\u00e3o PCAR3, oficializou a nomea\u00e7\u00e3o de Pedro Vieira Lima de Albuquerque como seu novo vice-presidente executivo financeiro. O conselho da empresa aprovou sua indica\u00e7\u00e3o em 4 de fevereiro de 2026, e sua posse est\u00e1 marcada para 1\u00ba de mar\u00e7o de 2026. Essa movimenta\u00e7\u00e3o ocorre em um momento em que a companhia est\u00e1 concentrada em aprimorar a efici\u00eancia operacional, exercer rigorosa disciplina na aloca\u00e7\u00e3o de capital e promover uma reestrutura\u00e7\u00e3o em seu portf\u00f3lio, refor\u00e7ando ainda seu compromisso com a governan\u00e7a corporativa e a transpar\u00eancia no mercado de capitais.<\/p>\n<p>Essa escolha estrat\u00e9gica do GPA visa consolidar os ganhos em produtividade, elevar as margens de lucro e acelerar o processo de redu\u00e7\u00e3o do endividamento, especialmente diante do cen\u00e1rio desafiador da competitividade no setor de varejo. A contrata\u00e7\u00e3o de um profissional com vasta experi\u00eancia internacional indica a continuidade das iniciativas focadas na transforma\u00e7\u00e3o e otimiza\u00e7\u00e3o dos custos da companhia.<\/p>\n<h3>Experi\u00eancia internacional e trajet\u00f3ria profissional de Pedro Albuquerque<\/h3>\n<p>Pedro Albuquerque possui uma carreira s\u00f3lida de mais de dez anos na Kraft Heinz, onde desempenhou fun\u00e7\u00f5es importantes, como CFO para a regi\u00e3o da \u00c1sia e Pac\u00edfico, presidente das opera\u00e7\u00f5es no Sudeste Asi\u00e1tico e CFO na Am\u00e9rica do Norte. Durante esse per\u00edodo, ele liderou estrat\u00e9gias significativas de planejamento global, integra\u00e7\u00e3o operacional e transforma\u00e7\u00e3o financeira, destacando-se pelo foco na efici\u00eancia do capital e na gest\u00e3o eficaz do fluxo de caixa.<\/p>\n<p>Al\u00e9m disso, entre 2009 e 2014, Albuquerque atuou na Am\u00e9rica Latina Log\u00edstica, empresa que hoje \u00e9 a Rumo Log\u00edstica. Na companhia, ele foi respons\u00e1vel pela tesouraria, planejamento financeiro, desenvolvimento de novos neg\u00f3cios e relacionamento com investidores. Tamb\u00e9m integrou conselhos de subsidi\u00e1rias e atuou como conselheiro na Lucta Flavors and Fragrances, ampliando seu dom\u00ednio em governan\u00e7a corporativa e estrat\u00e9gias empresariais.<\/p>\n<h3>Mandato alinhado e objetivos financeiros do GPA<\/h3>\n<p>O mandato dos diretores estatut\u00e1rios, incluindo Pedro Albuquerque, foi definido para ter um per\u00edodo combinado de dois anos, sincronizado com o in\u00edcio do mandato do diretor-presidente em 5 de janeiro de 2026. Esse prazo se estende at\u00e9 que sejam nomeados seus sucessores, assegurando a continuidade e a estabilidade na execu\u00e7\u00e3o do plano estrat\u00e9gico da empresa.<\/p>\n<p>Com a chegada do novo CFO, o GPA intensifica sua agenda voltada \u00e0 disciplina financeira, priorizando uma aloca\u00e7\u00e3o de capital eficaz, o fortalecimento da liquidez e a otimiza\u00e7\u00e3o do ciclo de caixa. A companhia espera avan\u00e7ar em projetos que promovam a simplifica\u00e7\u00e3o dos processos operacionais e aproveitem sinergias, fatores essenciais para manter um crescimento rent\u00e1vel no setor de varejo alimentar.<\/p>\n<p>Em um ambiente desafiador para o segmento, a nomea\u00e7\u00e3o de Pedro Albuquerque representa uma aposta em uma lideran\u00e7a t\u00e9cnica com vis\u00e3o global, capaz de acelerar a implementa\u00e7\u00e3o da estrat\u00e9gia corporativa e elevar a competitividade do GPA no m\u00e9dio prazo.<\/p>\n<p><a href=\"https:\/\/www.statusinvest.com.br\/noticias\/gpa-nomeia-pedro-albuquerque-cfo\/\" target=\"_blank\" rel=\"noopener\">Fonte<\/a><\/p>\n","protected":false},"excerpt":{"rendered":"<p>Novo CFO do GPA Pedro Albuquerque chega com foco em efici\u00eancia, disciplina financeira e crescimento sustent\u00e1vel no setor de varejo alimentar.<\/p>\n","protected":false},"author":1,"featured_media":3888,"comment_status":"open","ping_status":"open","sticky":false,"template":"","format":"standard","meta":{"site-sidebar-layout":"default","site-content-layout":"","ast-site-content-layout":"default","site-content-style":"default","site-sidebar-style":"default","ast-global-header-display":"","ast-banner-title-visibility":"","ast-main-header-display":"","ast-hfb-above-header-display":"","ast-hfb-below-header-display":"","ast-hfb-mobile-header-display":"","site-post-title":"","ast-breadcrumbs-content":"","ast-featured-img":"","footer-sml-layout":"","theme-transparent-header-meta":"","adv-header-id-meta":"","stick-header-meta":"","header-above-stick-meta":"","header-main-stick-meta":"","header-below-stick-meta":"","astra-migrate-meta-layouts":"default","ast-page-background-enabled":"default","ast-page-background-meta":{"desktop":{"background-color":"var(--ast-global-color-5)","background-image":"","background-repeat":"repeat","background-position":"center center","background-size":"auto","background-attachment":"scroll","background-type":"","background-media":"","overlay-type":"","overlay-color":"","overlay-opacity":"","overlay-gradient":""},"tablet":{"background-color":"","background-image":"","background-repeat":"repeat","background-position":"center center","background-size":"auto","background-attachment":"scroll","background-type":"","background-media":"","overlay-type":"","overlay-color":"","overlay-opacity":"","overlay-gradient":""},"mobile":{"background-color":"","background-image":"","background-repeat":"repeat","background-position":"center center","background-size":"auto","background-attachment":"scroll","background-type":"","background-media":"","overlay-type":"","overlay-color":"","overlay-opacity":"","overlay-gradient":""}},"ast-content-background-meta":{"desktop":{"background-color":"var(--ast-global-color-4)","background-image":"","background-repeat":"repeat","background-position":"center center","background-size":"auto","background-attachment":"scroll","background-type":"","background-media":"","overlay-type":"","overlay-color":"","overlay-opacity":"","overlay-gradient":""},"tablet":{"background-color":"var(--ast-global-color-4)","background-image":"","background-repeat":"repeat","background-position":"center center","background-size":"auto","background-attachment":"scroll","background-type":"","background-media":"","overlay-type":"","overlay-color":"","overlay-opacity":"","overlay-gradient":""},"mobile":{"background-color":"var(--ast-global-color-4)","background-image":"","background-repeat":"repeat","background-position":"center center","background-size":"auto","background-attachment":"scroll","background-type":"","background-media":"","overlay-type":"","overlay-color":"","overlay-opacity":"","overlay-gradient":""}},"footnotes":""},"categories":[1],"tags":[],"class_list":["post-3889","post","type-post","status-publish","format-standard","has-post-thumbnail","hentry","category-ultimas"],"_links":{"self":[{"href":"https:\/\/startrico.com.br\/noticias\/wp-json\/wp\/v2\/posts\/3889","targetHints":{"allow":["GET"]}}],"collection":[{"href":"https:\/\/startrico.com.br\/noticias\/wp-json\/wp\/v2\/posts"}],"about":[{"href":"https:\/\/startrico.com.br\/noticias\/wp-json\/wp\/v2\/types\/post"}],"author":[{"embeddable":true,"href":"https:\/\/startrico.com.br\/noticias\/wp-json\/wp\/v2\/users\/1"}],"replies":[{"embeddable":true,"href":"https:\/\/startrico.com.br\/noticias\/wp-json\/wp\/v2\/comments?post=3889"}],"version-history":[{"count":0,"href":"https:\/\/startrico.com.br\/noticias\/wp-json\/wp\/v2\/posts\/3889\/revisions"}],"wp:featuredmedia":[{"embeddable":true,"href":"https:\/\/startrico.com.br\/noticias\/wp-json\/wp\/v2\/media\/3888"}],"wp:attachment":[{"href":"https:\/\/startrico.com.br\/noticias\/wp-json\/wp\/v2\/media?parent=3889"}],"wp:term":[{"taxonomy":"category","embeddable":true,"href":"https:\/\/startrico.com.br\/noticias\/wp-json\/wp\/v2\/categories?post=3889"},{"taxonomy":"post_tag","embeddable":true,"href":"https:\/\/startrico.com.br\/noticias\/wp-json\/wp\/v2\/tags?post=3889"}],"curies":[{"name":"wp","href":"https:\/\/api.w.org\/{rel}","templated":true}]}}