{"id":3901,"date":"2026-02-10T07:36:28","date_gmt":"2026-02-10T10:36:28","guid":{"rendered":"https:\/\/startrico.com.br\/noticias\/inflacao-e-o-futuro\/"},"modified":"2026-02-10T07:36:28","modified_gmt":"2026-02-10T10:36:28","slug":"inflacao-e-o-futuro","status":"publish","type":"post","link":"https:\/\/startrico.com.br\/noticias\/inflacao-e-o-futuro\/","title":{"rendered":"Infla\u00e7\u00e3o e o Futuro da Selic Ap\u00f3s An\u00e1lise Econ\u00f4mica"},"content":{"rendered":"<h2>Infla\u00e7\u00e3o indica poss\u00edveis cen\u00e1rios para a Selic nesta ter\u00e7a-feira<\/h2>\n<p>Na manh\u00e3 desta ter\u00e7a-feira (10), o mercado financeiro acompanha indicadores essenciais para o cen\u00e1rio econ\u00f4mico. O destaque fica para a divulga\u00e7\u00e3o do \u00cdndice Nacional de Pre\u00e7os ao Consumidor Amplo (IPCA), apontando tend\u00eancias sobre a infla\u00e7\u00e3o oficial no Brasil e sinalizando o poss\u00edvel rumo para a taxa Selic na reuni\u00e3o do Comit\u00ea de Pol\u00edtica Monet\u00e1ria (Copom) prevista para mar\u00e7o. Al\u00e9m disso, os investidores seguem atentos a dados do setor varejista dos Estados Unidos, enquanto o ministro da Fazenda, Fernando Haddad, participa de evento promovido pelo BTG Pactual em S\u00e3o Paulo.<\/p>\n<h2>Infla\u00e7\u00e3o sob an\u00e1lise<\/h2>\n<p>O Instituto Brasileiro de Geografia e Estat\u00edstica (IBGE) apresenta nesta ter\u00e7a-feira, \u00e0s 9h, o IPCA de janeiro de 2026, considerado o \u00edndice oficial que mede a infla\u00e7\u00e3o do pa\u00eds. Conforme a mediana das expectativas de 32 institui\u00e7\u00f5es financeiras e consultorias consultadas pelo Valor Data, a infla\u00e7\u00e3o deve se manter praticamente est\u00e1vel em rela\u00e7\u00e3o ao m\u00eas anterior, apontando alta de 0,32% em janeiro, frente a 0,33% em dezembro de 2025. As proje\u00e7\u00f5es oscilam entre 0,23% e 0,40%.<\/p>\n<p>Quando observado o acumulado em 12 meses, a previs\u00e3o central indica uma acelera\u00e7\u00e3o do IPCA para 4,44% em janeiro, contra 4,26% em dezembro, com varia\u00e7\u00f5es entre 4,34% e 4,52% conforme os cen\u00e1rios estimados.<\/p>\n<p>Esses dados s\u00e3o relevantes porque fornecem pistas sobre o ritmo do poss\u00edvel corte na Selic que o Banco Central pode anunciar na pr\u00f3xima reuni\u00e3o do Copom, agendada para mar\u00e7o. Caso a infla\u00e7\u00e3o demonstre sinais claros de desacelera\u00e7\u00e3o e se aproxime da meta estipulada, o Banco Central poder\u00e1 agir com maior intensidade na redu\u00e7\u00e3o da taxa b\u00e1sica de juros.<\/p>\n<p>O motivo para isso \u00e9 que, com a infla\u00e7\u00e3o sob controle, torna-se mais seguro promover cortes nos juros, tornando o cr\u00e9dito e o financiamento mais acess\u00edveis, estimulando o consumo e impulsionando o crescimento da economia sem prejudicar o poder de compra da popula\u00e7\u00e3o.<\/p>\n<h2>Entrevista com o ministro da Fazenda<\/h2>\n<p>Nesta ter\u00e7a, o ministro da Fazenda, Fernando Haddad, tem compromisso para discursar na abertura do evento CEO Conference 2026, organizado pelo BTG Pactual, em um hotel localizado em S\u00e3o Paulo. A palestra est\u00e1 marcada para durar das 9h \u00e0s 10h e \u00e9 o \u00fanico compromisso oficial do ministro para este dia. Seus pronunciamentos s\u00e3o aguardados com interesse pelo mercado, especialmente num ano de elei\u00e7\u00f5es, j\u00e1 que as declara\u00e7\u00f5es podem sinalizar as prioridades e a dire\u00e7\u00e3o da pol\u00edtica econ\u00f4mica do governo.<\/p>\n<h2>Foco nos dados americanos<\/h2>\n<p>Nos Estados Unidos, s\u00e3o esperados os n\u00fameros das vendas no varejo, que ser\u00e3o divulgados \u00e0s 10h30, hor\u00e1rio de Bras\u00edlia. Esses dados s\u00e3o muito observados para entender a sa\u00fade da economia americana e para ajustar as expectativas sobre o rumo das taxas de juros no pa\u00eds.<\/p>\n<p>Al\u00e9m disso, haver\u00e1 pronunciamentos de figuras-chave do Federal Reserve (Fed): \u00e0s 14h, Beth Hammack, presidente do Fed de Cleveland, fala ao p\u00fablico, seguida pela presidente do Fed de Dallas, Lorie Logan, que discursar\u00e1 \u00e0s 15h. Essas falas s\u00e3o intensamente observadas para captar sinais sobre a condu\u00e7\u00e3o futura da pol\u00edtica monet\u00e1ria dos EUA.<\/p>\n<p><a href=\"https:\/\/valorinveste.globo.com\/mercados\/brasil-e-politica\/noticia\/2026\/02\/10\/inflacao-traz-pistas-do-futuro-da-selic-nesta-terca-feira.ghtml\" target=\"_blank\" rel=\"noopener\">Fonte<\/a><\/p>\n","protected":false},"excerpt":{"rendered":"<p>Infla\u00e7\u00e3o revela tend\u00eancias para a Selic e orienta decis\u00f5es do Copom, impactando a pol\u00edtica econ\u00f4mica e o mercado financeiro no Brasil.<\/p>\n","protected":false},"author":1,"featured_media":3900,"comment_status":"open","ping_status":"open","sticky":false,"template":"","format":"standard","meta":{"site-sidebar-layout":"default","site-content-layout":"","ast-site-content-layout":"default","site-content-style":"default","site-sidebar-style":"default","ast-global-header-display":"","ast-banner-title-visibility":"","ast-main-header-display":"","ast-hfb-above-header-display":"","ast-hfb-below-header-display":"","ast-hfb-mobile-header-display":"","site-post-title":"","ast-breadcrumbs-content":"","ast-featured-img":"","footer-sml-layout":"","theme-transparent-header-meta":"","adv-header-id-meta":"","stick-header-meta":"","header-above-stick-meta":"","header-main-stick-meta":"","header-below-stick-meta":"","astra-migrate-meta-layouts":"default","ast-page-background-enabled":"default","ast-page-background-meta":{"desktop":{"background-color":"var(--ast-global-color-5)","background-image":"","background-repeat":"repeat","background-position":"center center","background-size":"auto","background-attachment":"scroll","background-type":"","background-media":"","overlay-type":"","overlay-color":"","overlay-opacity":"","overlay-gradient":""},"tablet":{"background-color":"","background-image":"","background-repeat":"repeat","background-position":"center center","background-size":"auto","background-attachment":"scroll","background-type":"","background-media":"","overlay-type":"","overlay-color":"","overlay-opacity":"","overlay-gradient":""},"mobile":{"background-color":"","background-image":"","background-repeat":"repeat","background-position":"center center","background-size":"auto","background-attachment":"scroll","background-type":"","background-media":"","overlay-type":"","overlay-color":"","overlay-opacity":"","overlay-gradient":""}},"ast-content-background-meta":{"desktop":{"background-color":"var(--ast-global-color-4)","background-image":"","background-repeat":"repeat","background-position":"center center","background-size":"auto","background-attachment":"scroll","background-type":"","background-media":"","overlay-type":"","overlay-color":"","overlay-opacity":"","overlay-gradient":""},"tablet":{"background-color":"var(--ast-global-color-4)","background-image":"","background-repeat":"repeat","background-position":"center center","background-size":"auto","background-attachment":"scroll","background-type":"","background-media":"","overlay-type":"","overlay-color":"","overlay-opacity":"","overlay-gradient":""},"mobile":{"background-color":"var(--ast-global-color-4)","background-image":"","background-repeat":"repeat","background-position":"center center","background-size":"auto","background-attachment":"scroll","background-type":"","background-media":"","overlay-type":"","overlay-color":"","overlay-opacity":"","overlay-gradient":""}},"footnotes":""},"categories":[1],"tags":[],"class_list":["post-3901","post","type-post","status-publish","format-standard","has-post-thumbnail","hentry","category-ultimas"],"_links":{"self":[{"href":"https:\/\/startrico.com.br\/noticias\/wp-json\/wp\/v2\/posts\/3901","targetHints":{"allow":["GET"]}}],"collection":[{"href":"https:\/\/startrico.com.br\/noticias\/wp-json\/wp\/v2\/posts"}],"about":[{"href":"https:\/\/startrico.com.br\/noticias\/wp-json\/wp\/v2\/types\/post"}],"author":[{"embeddable":true,"href":"https:\/\/startrico.com.br\/noticias\/wp-json\/wp\/v2\/users\/1"}],"replies":[{"embeddable":true,"href":"https:\/\/startrico.com.br\/noticias\/wp-json\/wp\/v2\/comments?post=3901"}],"version-history":[{"count":0,"href":"https:\/\/startrico.com.br\/noticias\/wp-json\/wp\/v2\/posts\/3901\/revisions"}],"wp:featuredmedia":[{"embeddable":true,"href":"https:\/\/startrico.com.br\/noticias\/wp-json\/wp\/v2\/media\/3900"}],"wp:attachment":[{"href":"https:\/\/startrico.com.br\/noticias\/wp-json\/wp\/v2\/media?parent=3901"}],"wp:term":[{"taxonomy":"category","embeddable":true,"href":"https:\/\/startrico.com.br\/noticias\/wp-json\/wp\/v2\/categories?post=3901"},{"taxonomy":"post_tag","embeddable":true,"href":"https:\/\/startrico.com.br\/noticias\/wp-json\/wp\/v2\/tags?post=3901"}],"curies":[{"name":"wp","href":"https:\/\/api.w.org\/{rel}","templated":true}]}}