{"id":3913,"date":"2026-02-11T07:11:27","date_gmt":"2026-02-11T10:11:27","guid":{"rendered":"https:\/\/startrico.com.br\/noticias\/apagao-de-mao-de\/"},"modified":"2026-02-11T07:11:27","modified_gmt":"2026-02-11T10:11:27","slug":"apagao-de-mao-de","status":"publish","type":"post","link":"https:\/\/startrico.com.br\/noticias\/apagao-de-mao-de\/","title":{"rendered":"Apag\u00e3o De M\u00e3o De Obra Limita Crescimento Econ\u00f4mico No ES"},"content":{"rendered":"<h2>Como o d\u00e9ficit de m\u00e3o de obra est\u00e1 limitando o avan\u00e7o econ\u00f4mico no Esp\u00edrito Santo<\/h2>\n<p>O Esp\u00edrito Santo enfrenta atualmente um significativo d\u00e9ficit de trabalhadores dispon\u00edveis para ocupar as vagas abertas, fen\u00f4meno que tem afetado negativamente diversos setores da economia local. Uma an\u00e1lise conduzida pela Federa\u00e7\u00e3o das Ind\u00fastrias do Esp\u00edrito Santo (Findes) revelou que a dificuldade em contratar profissionais atua como um obst\u00e1culo para o desenvolvimento econ\u00f4mico do estado.<\/p>\n<p>De acordo com a gerente executiva do Observat\u00f3rio Findes, Mar\u00edlia Silva, tr\u00eas fatores centrais explicam essa escassez: as mudan\u00e7as nas din\u00e2micas do mercado de trabalho, uma economia em expans\u00e3o e desafios estruturais. Para contornar a situa\u00e7\u00e3o, \u00e9 essencial oferecer remunera\u00e7\u00e3o atrativa, planos de carreira claros e oportunidades de qualifica\u00e7\u00e3o aos trabalhadores.<\/p>\n<h3>Transforma\u00e7\u00f5es no mercado de trabalho<\/h3>\n<p>O avan\u00e7o tecnol\u00f3gico tem alterado profundamente as formas de trabalho em todo o mundo, e o Esp\u00edrito Santo n\u00e3o \u00e9 exce\u00e7\u00e3o. O estudo aponta que essa moderniza\u00e7\u00e3o exige uma requalifica\u00e7\u00e3o dos profissionais para que estejam preparados para as novas demandas e processos.<\/p>\n<p>Al\u00e9m disso, o envelhecimento da popula\u00e7\u00e3o provoca mudan\u00e7as na necessidades de servi\u00e7os e na for\u00e7a de trabalho, com um aumento da demanda por atendimentos voltados para pessoas mais idosas, exigindo tamb\u00e9m sua inclus\u00e3o no mercado.<\/p>\n<p>Mar\u00edlia Silva ressalta que \u00e9 fundamental investir na capacita\u00e7\u00e3o dos trabalhadores envelhecidos para que eles possam ocupar as vagas existentes. Ela tamb\u00e9m destacou uma mudan\u00e7a de comportamento, especialmente da gera\u00e7\u00e3o Z, que ingressa no mercado com valores diferentes, como valoriza\u00e7\u00e3o da diversidade e busca por prop\u00f3sito.<\/p>\n<p>A flexibilidade no trabalho, impulsionada pela experi\u00eancia do home office durante a pandemia de covid-19, \u00e9 outra demanda crescente entre os trabalhadores, tanto jovens quanto mais velhos.<\/p>\n<h3>Impactos da economia aquecida<\/h3>\n<p>O vigor da economia capixaba tem aumentado o consumo e a necessidade de produ\u00e7\u00e3o, elevando a procura por m\u00e3o de obra. No entanto, a taxa de desemprego no estado \u00e9 baixa, de apenas 2,6%, o que significa que os trabalhadores est\u00e3o majoritariamente empregados, seja no setor formal ou informal.<\/p>\n<p>O crescimento da informalidade ocorre devido \u00e0 demanda por trabalhos mais flex\u00edveis e pagamentos r\u00e1pidos. Isso levanta a quest\u00e3o sobre a adequa\u00e7\u00e3o do modelo atual de emprego formal \u00e0s necessidades contempor\u00e2neas da popula\u00e7\u00e3o.<\/p>\n<h3>Desafios estruturais<\/h3>\n<p>Al\u00e9m dos aspectos do mercado e demogr\u00e1ficos, existem barreiras estruturais que dificultam a ocupa\u00e7\u00e3o das vagas. Entre elas, a elevada informalidade, com quase metade dos trabalhadores atuando sem registro formal, e o perfil dos desempregados, que geralmente s\u00e3o mulheres, jovens ou pessoas com mais de 60 anos e baixa escolaridade.<\/p>\n<p>Mar\u00edlia Silva destaca que pol\u00edticas p\u00fablicas precisam focar em tornar a for\u00e7a de trabalho mais acess\u00edvel, especialmente para grupos que enfrentam dificuldades, como mulheres com responsabilidades dom\u00e9sticas ou pessoas com problemas de sa\u00fade. \u00c9 tamb\u00e9m necess\u00e1rio que as empresas estejam dispostas a contratar esses profissionais.<\/p>\n<p>A especialista enfatiza que a solu\u00e7\u00e3o envolve uma combina\u00e7\u00e3o entre pol\u00edticas p\u00fablicas e a adapta\u00e7\u00e3o das empresas \u00e0s tend\u00eancias e necessidades presentes no mercado de trabalho.<\/p>\n<h3>Solu\u00e7\u00f5es e perspectivas<\/h3>\n<p>Para atrair e manter profissionais, ofertas salariais competitivas s\u00e3o importantes, mas tamb\u00e9m se revelam fundamentais estrat\u00e9gias como a cria\u00e7\u00e3o de um plano de carreira e a oferta de oportunidades para aprimoramento e desenvolvimento profissional, de acordo com Mar\u00edlia Silva.<\/p>\n<p><a href=\"https:\/\/g1.globo.com\/es\/espirito-santo\/noticia\/2026\/02\/11\/como-o-apagao-de-mao-de-obra-vira-barreira-para-crescimento-da-economia-do-es.ghtml\" target=\"_blank\" rel=\"noopener\">Fonte<\/a><\/p>\n","protected":false},"excerpt":{"rendered":"<p>Apag\u00e3o de m\u00e3o de obra no ES limita o crescimento econ\u00f4mico, exigindo qualifica\u00e7\u00e3o, melhores sal\u00e1rios e adapta\u00e7\u00e3o \u00e0s novas demandas do mercado.<\/p>\n","protected":false},"author":1,"featured_media":3912,"comment_status":"open","ping_status":"open","sticky":false,"template":"","format":"standard","meta":{"site-sidebar-layout":"default","site-content-layout":"","ast-site-content-layout":"default","site-content-style":"default","site-sidebar-style":"default","ast-global-header-display":"","ast-banner-title-visibility":"","ast-main-header-display":"","ast-hfb-above-header-display":"","ast-hfb-below-header-display":"","ast-hfb-mobile-header-display":"","site-post-title":"","ast-breadcrumbs-content":"","ast-featured-img":"","footer-sml-layout":"","theme-transparent-header-meta":"","adv-header-id-meta":"","stick-header-meta":"","header-above-stick-meta":"","header-main-stick-meta":"","header-below-stick-meta":"","astra-migrate-meta-layouts":"default","ast-page-background-enabled":"default","ast-page-background-meta":{"desktop":{"background-color":"var(--ast-global-color-5)","background-image":"","background-repeat":"repeat","background-position":"center center","background-size":"auto","background-attachment":"scroll","background-type":"","background-media":"","overlay-type":"","overlay-color":"","overlay-opacity":"","overlay-gradient":""},"tablet":{"background-color":"","background-image":"","background-repeat":"repeat","background-position":"center center","background-size":"auto","background-attachment":"scroll","background-type":"","background-media":"","overlay-type":"","overlay-color":"","overlay-opacity":"","overlay-gradient":""},"mobile":{"background-color":"","background-image":"","background-repeat":"repeat","background-position":"center center","background-size":"auto","background-attachment":"scroll","background-type":"","background-media":"","overlay-type":"","overlay-color":"","overlay-opacity":"","overlay-gradient":""}},"ast-content-background-meta":{"desktop":{"background-color":"var(--ast-global-color-4)","background-image":"","background-repeat":"repeat","background-position":"center center","background-size":"auto","background-attachment":"scroll","background-type":"","background-media":"","overlay-type":"","overlay-color":"","overlay-opacity":"","overlay-gradient":""},"tablet":{"background-color":"var(--ast-global-color-4)","background-image":"","background-repeat":"repeat","background-position":"center center","background-size":"auto","background-attachment":"scroll","background-type":"","background-media":"","overlay-type":"","overlay-color":"","overlay-opacity":"","overlay-gradient":""},"mobile":{"background-color":"var(--ast-global-color-4)","background-image":"","background-repeat":"repeat","background-position":"center center","background-size":"auto","background-attachment":"scroll","background-type":"","background-media":"","overlay-type":"","overlay-color":"","overlay-opacity":"","overlay-gradient":""}},"footnotes":""},"categories":[1],"tags":[],"class_list":["post-3913","post","type-post","status-publish","format-standard","has-post-thumbnail","hentry","category-ultimas"],"_links":{"self":[{"href":"https:\/\/startrico.com.br\/noticias\/wp-json\/wp\/v2\/posts\/3913","targetHints":{"allow":["GET"]}}],"collection":[{"href":"https:\/\/startrico.com.br\/noticias\/wp-json\/wp\/v2\/posts"}],"about":[{"href":"https:\/\/startrico.com.br\/noticias\/wp-json\/wp\/v2\/types\/post"}],"author":[{"embeddable":true,"href":"https:\/\/startrico.com.br\/noticias\/wp-json\/wp\/v2\/users\/1"}],"replies":[{"embeddable":true,"href":"https:\/\/startrico.com.br\/noticias\/wp-json\/wp\/v2\/comments?post=3913"}],"version-history":[{"count":0,"href":"https:\/\/startrico.com.br\/noticias\/wp-json\/wp\/v2\/posts\/3913\/revisions"}],"wp:featuredmedia":[{"embeddable":true,"href":"https:\/\/startrico.com.br\/noticias\/wp-json\/wp\/v2\/media\/3912"}],"wp:attachment":[{"href":"https:\/\/startrico.com.br\/noticias\/wp-json\/wp\/v2\/media?parent=3913"}],"wp:term":[{"taxonomy":"category","embeddable":true,"href":"https:\/\/startrico.com.br\/noticias\/wp-json\/wp\/v2\/categories?post=3913"},{"taxonomy":"post_tag","embeddable":true,"href":"https:\/\/startrico.com.br\/noticias\/wp-json\/wp\/v2\/tags?post=3913"}],"curies":[{"name":"wp","href":"https:\/\/api.w.org\/{rel}","templated":true}]}}