{"id":3935,"date":"2026-02-12T07:11:20","date_gmt":"2026-02-12T10:11:20","guid":{"rendered":"https:\/\/startrico.com.br\/noticias\/por-que-brasileiros-avaliam\/"},"modified":"2026-02-12T07:11:20","modified_gmt":"2026-02-12T10:11:20","slug":"por-que-brasileiros-avaliam","status":"publish","type":"post","link":"https:\/\/startrico.com.br\/noticias\/por-que-brasileiros-avaliam\/","title":{"rendered":"Por Que Brasileiros Avaliam Que A Economia Piorou"},"content":{"rendered":"<h2>Por que quase metade dos brasileiros avalia que a economia piorou?<\/h2>\n<p>Uma recente pesquisa realizada pela Quaest revelou que 47% dos brasileiros percebem uma piora na economia do pa\u00eds nos \u00faltimos doze meses, enquanto apenas 24% acreditam que houve melhora nesse per\u00edodo. Este sentimento negativo aparece mesmo diante de indicadores oficiais que apontam para a menor taxa de desemprego da s\u00e9rie hist\u00f3rica e n\u00edveis recordes de renda m\u00e9dia.<\/p>\n<p>Especialistas em economia consultados destacam que o aumento da taxa b\u00e1sica de juros desempenhou papel fundamental nesse cen\u00e1rio, pois desacelera o crescimento econ\u00f4mico e eleva os \u00edndices de inadimpl\u00eancia, afetando a confian\u00e7a tanto dos consumidores quanto das empresas.<\/p>\n<p>O economista Andr\u00e9 Perfeito explica que, embora os sal\u00e1rios aparentem estar subindo e a renda evoluindo, o alto endividamento das fam\u00edlias faz com que o dinheiro recebido n\u00e3o se traduza em maior poder de compra. Da mesma forma, ele ressalta que os lucros empresariais t\u00eam sido corro\u00eddos pelo pagamento de juros, prejudicando o otimismo no meio empresarial.<\/p>\n<p>A economista Zeina Latif complementa afirmando que os efeitos negativos da alta dos juros se refletem diretamente nos dados relacionados ao consumo das fam\u00edlias, que apresentam perda de dinamismo. Segundo ela, n\u00e3o h\u00e1 sinais claros de melhoria: \u201cA classe m\u00e9dia enfrenta uma situa\u00e7\u00e3o que n\u00e3o \u00e9 ruim, mas tamb\u00e9m n\u00e3o h\u00e1 avan\u00e7os positivos acontecendo.\u201d Al\u00e9m disso, Latif observa que a infla\u00e7\u00e3o dos alimentos tem um impacto desproporcional, reduzindo significativamente a confian\u00e7a e afetando a avalia\u00e7\u00e3o do governo sempre que os pre\u00e7os sobem.<\/p>\n<h3>Resultados da pesquisa Quaest<\/h3>\n<p>Quando questionados sobre a avalia\u00e7\u00e3o da economia nos \u00faltimos doze meses, os entrevistados responderam:<\/p>\n<ul class=\"myul\">\n<li>43% afirmaram que a economia piorou;<\/li>\n<li>24% disseram que melhorou;<\/li>\n<li>30% acreditam que se manteve igual;<\/li>\n<li>3% n\u00e3o souberam ou n\u00e3o quiseram responder.<\/li>\n<\/ul>\n<p>Quanto \u00e0 expectativa para os pr\u00f3ximos doze meses, as respostas foram:<\/p>\n<ul class=\"myul\">\n<li>43% esperam melhora;<\/li>\n<li>29% acreditam que piorar\u00e1;<\/li>\n<li>24% acham que permanecer\u00e1 est\u00e1vel;<\/li>\n<li>4% n\u00e3o souberam responder.<\/li>\n<\/ul>\n<p>O levantamento foi realizado entre os dias 5 e 9 de fevereiro, com 2.004 pessoas com 16 anos ou mais, e possui margem de erro de dois pontos percentuais para mais ou para menos.<\/p>\n<h3>Percep\u00e7\u00f5es sobre pre\u00e7os e poder de compra<\/h3>\n<p>Ao perguntar sobre o pre\u00e7o dos alimentos nos supermercados e feiras, 56% dos entrevistados disseram que aumentaram, enquanto 18% notaram queda e 24% acreditam que os valores ficaram est\u00e1veis. Essa percep\u00e7\u00e3o manteve-se semelhante \u00e0 pesquisa anterior realizada em janeiro.<\/p>\n<p>O Instituto Brasileiro de Geografia e Estat\u00edstica (IBGE) informou que o \u00cdndice Nacional de Pre\u00e7os ao Consumidor Amplo (IPCA), considerado a infla\u00e7\u00e3o oficial, subiu 0,33% em janeiro, um pouco acima das expectativas dos economistas que previam 0,32%. Nos \u00faltimos 12 meses, a infla\u00e7\u00e3o acumulada foi de 4,44%, ligeiramente maior que as proje\u00e7\u00f5es.<\/p>\n<p>Sobre o poder de compra, 61% dos entrevistados afirmaram que conseguem comprar menos do que h\u00e1 um ano, enquanto 15% disseram adquirir mais, e 23% sentem que compram a mesma quantidade. Esses n\u00fameros s\u00e3o est\u00e1veis em rela\u00e7\u00e3o \u00e0 pesquisa anterior.<\/p>\n<h3>Dificuldade para encontrar emprego<\/h3>\n<p>Quando indagados sobre a facilidade de conseguir emprego nos \u00faltimos 12 meses, 49% responderam que est\u00e1 mais dif\u00edcil, enquanto 39% consideram que est\u00e1 mais f\u00e1cil; 5% dizem que a situa\u00e7\u00e3o permanece igual.<\/p>\n<p>Apesar dessa percep\u00e7\u00e3o, o Brasil fechou 2025 com uma taxa m\u00e9dia anual de desemprego de 5,6%, o menor \u00edndice desde 2012, com queda de um ponto percentual em rela\u00e7\u00e3o a 2024 e redu\u00e7\u00e3o significativa comparada a 2019, antes da pandemia.<\/p>\n<p><a href=\"https:\/\/g1.globo.com\/economia\/noticia\/2026\/02\/12\/quaest-por-que-quase-metade-dos-brasileiros-dizem-que-a-economia-piorou-nos-ultimos-12-meses.ghtml\" target=\"_blank\" rel=\"noopener\">Fonte<\/a><\/p>\n","protected":false},"excerpt":{"rendered":"<p>Economia piorou para 47% dos brasileiros, afetada por juros altos, infla\u00e7\u00e3o e endividamento, refletindo pessimismo na percep\u00e7\u00e3o popular.<\/p>\n","protected":false},"author":1,"featured_media":3934,"comment_status":"open","ping_status":"open","sticky":false,"template":"","format":"standard","meta":{"site-sidebar-layout":"default","site-content-layout":"","ast-site-content-layout":"default","site-content-style":"default","site-sidebar-style":"default","ast-global-header-display":"","ast-banner-title-visibility":"","ast-main-header-display":"","ast-hfb-above-header-display":"","ast-hfb-below-header-display":"","ast-hfb-mobile-header-display":"","site-post-title":"","ast-breadcrumbs-content":"","ast-featured-img":"","footer-sml-layout":"","theme-transparent-header-meta":"","adv-header-id-meta":"","stick-header-meta":"","header-above-stick-meta":"","header-main-stick-meta":"","header-below-stick-meta":"","astra-migrate-meta-layouts":"default","ast-page-background-enabled":"default","ast-page-background-meta":{"desktop":{"background-color":"var(--ast-global-color-5)","background-image":"","background-repeat":"repeat","background-position":"center center","background-size":"auto","background-attachment":"scroll","background-type":"","background-media":"","overlay-type":"","overlay-color":"","overlay-opacity":"","overlay-gradient":""},"tablet":{"background-color":"","background-image":"","background-repeat":"repeat","background-position":"center center","background-size":"auto","background-attachment":"scroll","background-type":"","background-media":"","overlay-type":"","overlay-color":"","overlay-opacity":"","overlay-gradient":""},"mobile":{"background-color":"","background-image":"","background-repeat":"repeat","background-position":"center center","background-size":"auto","background-attachment":"scroll","background-type":"","background-media":"","overlay-type":"","overlay-color":"","overlay-opacity":"","overlay-gradient":""}},"ast-content-background-meta":{"desktop":{"background-color":"var(--ast-global-color-4)","background-image":"","background-repeat":"repeat","background-position":"center center","background-size":"auto","background-attachment":"scroll","background-type":"","background-media":"","overlay-type":"","overlay-color":"","overlay-opacity":"","overlay-gradient":""},"tablet":{"background-color":"var(--ast-global-color-4)","background-image":"","background-repeat":"repeat","background-position":"center center","background-size":"auto","background-attachment":"scroll","background-type":"","background-media":"","overlay-type":"","overlay-color":"","overlay-opacity":"","overlay-gradient":""},"mobile":{"background-color":"var(--ast-global-color-4)","background-image":"","background-repeat":"repeat","background-position":"center center","background-size":"auto","background-attachment":"scroll","background-type":"","background-media":"","overlay-type":"","overlay-color":"","overlay-opacity":"","overlay-gradient":""}},"footnotes":""},"categories":[1],"tags":[],"class_list":["post-3935","post","type-post","status-publish","format-standard","has-post-thumbnail","hentry","category-ultimas"],"_links":{"self":[{"href":"https:\/\/startrico.com.br\/noticias\/wp-json\/wp\/v2\/posts\/3935","targetHints":{"allow":["GET"]}}],"collection":[{"href":"https:\/\/startrico.com.br\/noticias\/wp-json\/wp\/v2\/posts"}],"about":[{"href":"https:\/\/startrico.com.br\/noticias\/wp-json\/wp\/v2\/types\/post"}],"author":[{"embeddable":true,"href":"https:\/\/startrico.com.br\/noticias\/wp-json\/wp\/v2\/users\/1"}],"replies":[{"embeddable":true,"href":"https:\/\/startrico.com.br\/noticias\/wp-json\/wp\/v2\/comments?post=3935"}],"version-history":[{"count":0,"href":"https:\/\/startrico.com.br\/noticias\/wp-json\/wp\/v2\/posts\/3935\/revisions"}],"wp:featuredmedia":[{"embeddable":true,"href":"https:\/\/startrico.com.br\/noticias\/wp-json\/wp\/v2\/media\/3934"}],"wp:attachment":[{"href":"https:\/\/startrico.com.br\/noticias\/wp-json\/wp\/v2\/media?parent=3935"}],"wp:term":[{"taxonomy":"category","embeddable":true,"href":"https:\/\/startrico.com.br\/noticias\/wp-json\/wp\/v2\/categories?post=3935"},{"taxonomy":"post_tag","embeddable":true,"href":"https:\/\/startrico.com.br\/noticias\/wp-json\/wp\/v2\/tags?post=3935"}],"curies":[{"name":"wp","href":"https:\/\/api.w.org\/{rel}","templated":true}]}}