{"id":3949,"date":"2026-02-12T07:46:11","date_gmt":"2026-02-12T10:46:11","guid":{"rendered":"https:\/\/startrico.com.br\/noticias\/porto-digital-lanca-programas\/"},"modified":"2026-02-12T07:46:11","modified_gmt":"2026-02-12T10:46:11","slug":"porto-digital-lanca-programas","status":"publish","type":"post","link":"https:\/\/startrico.com.br\/noticias\/porto-digital-lanca-programas\/","title":{"rendered":"Porto Digital Lan\u00e7a Programas Para Neg\u00f3cios Em V\u00e1rios Est\u00e1gios"},"content":{"rendered":"<h2>Porto Digital abre quatro programas para neg\u00f3cios em variados est\u00e1gios de desenvolvimento<\/h2>\n<p>Com 120 vagas dispon\u00edveis, a iniciativa visa apoiar desde empreendedores que est\u00e3o validando suas ideias at\u00e9 empresas j\u00e1 consolidadas com faturamento recorrente e planos definidos para o mercado europeu.<\/p>\n<p>O Governo de Pernambuco, por interm\u00e9dio da Secretaria de Ci\u00eancia, Tecnologia e Informa\u00e7\u00e3o (SECTI), em parceria com o Porto Digital, lan\u00e7ou chamadas p\u00fablicas para quatro programas que incentivam o empreendedorismo e a inova\u00e7\u00e3o tecnol\u00f3gica. S\u00e3o 120 vagas para apoiar neg\u00f3cios em diferentes fases \u2013 da concep\u00e7\u00e3o \u00e0 internacionaliza\u00e7\u00e3o.<\/p>\n<p>Focados em startups e empresas de base tecnol\u00f3gica do estado, os programas pretendem fomentar a gera\u00e7\u00e3o de empregos qualificados e fortalecer o ecossistema local de inova\u00e7\u00e3o.<\/p>\n<p>Esses programas abrangem as etapas de Pr\u00e9-Incuba\u00e7\u00e3o, Incuba\u00e7\u00e3o, Pr\u00e9-Acelera\u00e7\u00e3o e Internacionaliza\u00e7\u00e3o, criados para atender desde empreendedores que ainda est\u00e3o desenvolvendo um produto m\u00ednimo vi\u00e1vel at\u00e9 companhias com receita recorrente e estrutura para expandir internacionalmente. O objetivo \u00e9 oferecer um suporte cont\u00ednuo, come\u00e7ando pela transforma\u00e7\u00e3o de ideias em neg\u00f3cios, acelerando a tra\u00e7\u00e3o e, por fim, auxiliando na entrada no mercado externo.<\/p>\n<p>No total, h\u00e1 50 vagas para Pr\u00e9-Incuba\u00e7\u00e3o, 50 para Incuba\u00e7\u00e3o, 10 para Pr\u00e9-Acelera\u00e7\u00e3o e 10 para Internacionaliza\u00e7\u00e3o. Cada programa conta com dura\u00e7\u00e3o, crit\u00e9rios e benef\u00edcios pr\u00f3prios, mas todos oferecem suporte estrat\u00e9gico, t\u00e9cnico e acesso \u00e0 rede do Porto Digital, que atualmente integra mais de 400 empresas com faturamento bilion\u00e1rio.<\/p>\n<h3>Detalhamento dos programas<\/h3>\n<p><strong>Pr\u00e9-Incuba\u00e7\u00e3o:<\/strong> voltado para empreendedores na fase inicial de idea\u00e7\u00e3o, o programa tem 14 semanas de dura\u00e7\u00e3o em formato h\u00edbrido e disp\u00f5e de 50 vagas. N\u00e3o \u00e9 necess\u00e1rio possuir CNPJ para participar. O foco \u00e9 ajudar a transformar ideias em um Produto M\u00ednimo Vi\u00e1vel (MVP) e em um modelo de neg\u00f3cio estruturado. As inscri\u00e7\u00f5es est\u00e3o abertas entre 4 de fevereiro e 4 de mar\u00e7o.<\/p>\n<p><strong>Incuba\u00e7\u00e3o:<\/strong> dedicado a neg\u00f3cios de base tecnol\u00f3gica j\u00e1 regularizados (com CNPJ ativo) que tenham produto validado ou em fase final de valida\u00e7\u00e3o. Durante 14 semanas h\u00edbridas, as empresas recebem aux\u00edlio para aprimorar vendas, organizar processos e acelerar o crescimento. Tamb\u00e9m s\u00e3o oferecidas 50 vagas, com inscri\u00e7\u00f5es abertas no mesmo per\u00edodo da Pr\u00e9-Incuba\u00e7\u00e3o.<\/p>\n<p><strong>Pr\u00e9-Acelera\u00e7\u00e3o:<\/strong> destinado a startups com MVP funcional ou produto validado, com tecnologia central em sua proposta de valor e foco na escalabilidade. O programa tem dura\u00e7\u00e3o de 12 semanas, \u00e9 h\u00edbrido, incluindo encontros online em tempo real, e culmina em um Demoday presencial com rodada de neg\u00f3cios. S\u00e3o disponibilizadas 10 vagas, com inscri\u00e7\u00f5es at\u00e9 20 de mar\u00e7o.<\/p>\n<p><strong>Internacionaliza\u00e7\u00e3o:<\/strong> em sua segunda edi\u00e7\u00e3o, selecionar\u00e1 at\u00e9 10 empresas pernambucanas com CNPJ ativo, receita anual recorrente acima de R$ 1 milh\u00e3o e equipe dedicada \u00e0 expans\u00e3o internacional. O programa tem dura\u00e7\u00e3o de 10 meses, sendo quatro meses online e seis meses presenciais no Cais do Porto, em Aveiro, Portugal, hub de internacionaliza\u00e7\u00e3o do Porto Digital.<\/p>\n<h3>Benef\u00edcios e participa\u00e7\u00e3o<\/h3>\n<p>Todos os programas disponibilizam acesso \u00e0s instala\u00e7\u00f5es f\u00edsicas do Porto Digital em Recife e Caruaru, al\u00e9m de possibilitar networking com a comunidade de startups do parque e parceiros de hubs. Os participantes tamb\u00e9m ter\u00e3o prioridade para exposi\u00e7\u00e3o na Arena de Neg\u00f3cios do festival REC\u2019n\u2019Play 2026.<\/p>\n<p>O apoio financeiro conta com subs\u00eddios de 50% para alguns grupos, beneficiando empreendedores de minorias, residentes das regi\u00f5es do Agreste e Sert\u00e3o ou com renda familiar de at\u00e9 dois sal\u00e1rios m\u00ednimos. Os programas contemplam suporte t\u00e9cnico, estrat\u00e9gico e, especialmente na fase de internacionaliza\u00e7\u00e3o, acompanhamento constante, suporte regulat\u00f3rio e legal, al\u00e9m de orienta\u00e7\u00e3o para adaptar produtos e servi\u00e7os \u00e0s demandas do mercado europeu, e defini\u00e7\u00e3o de estrat\u00e9gias comerciais e de marketing.<\/p>\n<p>A base em Aveiro funciona como um polo para a expans\u00e3o global de companhias brasileiras de todos os tamanhos, integrando uma rede de empreendedores, investidores e institui\u00e7\u00f5es dos dois lados do Atl\u00e2ntico.<\/p>\n<h3>Prazos e inscri\u00e7\u00f5es<\/h3>\n<p>As inscri\u00e7\u00f5es para Pr\u00e9-Incuba\u00e7\u00e3o e Incuba\u00e7\u00e3o est\u00e3o abertas de 4 de fevereiro a 4 de mar\u00e7o. Para os programas de Pr\u00e9-Acelera\u00e7\u00e3o e Internacionaliza\u00e7\u00e3o, o prazo vai at\u00e9 20 de mar\u00e7o.<\/p>\n<p>Os interessados podem consultar os editais completos e enviar suas propostas pelo portal do Porto Digital. Para tirar d\u00favidas, h\u00e1 a op\u00e7\u00e3o de contato via e-mail com a equipe de empreendedorismo da institui\u00e7\u00e3o.<\/p>\n<p><a href=\"https:\/\/exame.com\/negocios\/porto-digital-abre-120-vagas-para-programas-de-inovacao-e-internacionalizacao\/\" target=\"_blank\" rel=\"noopener\">Fonte<\/a><\/p>\n","protected":false},"excerpt":{"rendered":"<p>Programas para neg\u00f3cios do Porto Digital oferecem 120 vagas para fortalecer startups do come\u00e7o \u00e0 internacionaliza\u00e7\u00e3o.<\/p>\n","protected":false},"author":1,"featured_media":3948,"comment_status":"open","ping_status":"open","sticky":false,"template":"","format":"standard","meta":{"site-sidebar-layout":"default","site-content-layout":"","ast-site-content-layout":"default","site-content-style":"default","site-sidebar-style":"default","ast-global-header-display":"","ast-banner-title-visibility":"","ast-main-header-display":"","ast-hfb-above-header-display":"","ast-hfb-below-header-display":"","ast-hfb-mobile-header-display":"","site-post-title":"","ast-breadcrumbs-content":"","ast-featured-img":"","footer-sml-layout":"","theme-transparent-header-meta":"","adv-header-id-meta":"","stick-header-meta":"","header-above-stick-meta":"","header-main-stick-meta":"","header-below-stick-meta":"","astra-migrate-meta-layouts":"default","ast-page-background-enabled":"default","ast-page-background-meta":{"desktop":{"background-color":"var(--ast-global-color-5)","background-image":"","background-repeat":"repeat","background-position":"center center","background-size":"auto","background-attachment":"scroll","background-type":"","background-media":"","overlay-type":"","overlay-color":"","overlay-opacity":"","overlay-gradient":""},"tablet":{"background-color":"","background-image":"","background-repeat":"repeat","background-position":"center center","background-size":"auto","background-attachment":"scroll","background-type":"","background-media":"","overlay-type":"","overlay-color":"","overlay-opacity":"","overlay-gradient":""},"mobile":{"background-color":"","background-image":"","background-repeat":"repeat","background-position":"center center","background-size":"auto","background-attachment":"scroll","background-type":"","background-media":"","overlay-type":"","overlay-color":"","overlay-opacity":"","overlay-gradient":""}},"ast-content-background-meta":{"desktop":{"background-color":"var(--ast-global-color-4)","background-image":"","background-repeat":"repeat","background-position":"center center","background-size":"auto","background-attachment":"scroll","background-type":"","background-media":"","overlay-type":"","overlay-color":"","overlay-opacity":"","overlay-gradient":""},"tablet":{"background-color":"var(--ast-global-color-4)","background-image":"","background-repeat":"repeat","background-position":"center center","background-size":"auto","background-attachment":"scroll","background-type":"","background-media":"","overlay-type":"","overlay-color":"","overlay-opacity":"","overlay-gradient":""},"mobile":{"background-color":"var(--ast-global-color-4)","background-image":"","background-repeat":"repeat","background-position":"center center","background-size":"auto","background-attachment":"scroll","background-type":"","background-media":"","overlay-type":"","overlay-color":"","overlay-opacity":"","overlay-gradient":""}},"footnotes":""},"categories":[1],"tags":[],"class_list":["post-3949","post","type-post","status-publish","format-standard","has-post-thumbnail","hentry","category-ultimas"],"_links":{"self":[{"href":"https:\/\/startrico.com.br\/noticias\/wp-json\/wp\/v2\/posts\/3949","targetHints":{"allow":["GET"]}}],"collection":[{"href":"https:\/\/startrico.com.br\/noticias\/wp-json\/wp\/v2\/posts"}],"about":[{"href":"https:\/\/startrico.com.br\/noticias\/wp-json\/wp\/v2\/types\/post"}],"author":[{"embeddable":true,"href":"https:\/\/startrico.com.br\/noticias\/wp-json\/wp\/v2\/users\/1"}],"replies":[{"embeddable":true,"href":"https:\/\/startrico.com.br\/noticias\/wp-json\/wp\/v2\/comments?post=3949"}],"version-history":[{"count":0,"href":"https:\/\/startrico.com.br\/noticias\/wp-json\/wp\/v2\/posts\/3949\/revisions"}],"wp:featuredmedia":[{"embeddable":true,"href":"https:\/\/startrico.com.br\/noticias\/wp-json\/wp\/v2\/media\/3948"}],"wp:attachment":[{"href":"https:\/\/startrico.com.br\/noticias\/wp-json\/wp\/v2\/media?parent=3949"}],"wp:term":[{"taxonomy":"category","embeddable":true,"href":"https:\/\/startrico.com.br\/noticias\/wp-json\/wp\/v2\/categories?post=3949"},{"taxonomy":"post_tag","embeddable":true,"href":"https:\/\/startrico.com.br\/noticias\/wp-json\/wp\/v2\/tags?post=3949"}],"curies":[{"name":"wp","href":"https:\/\/api.w.org\/{rel}","templated":true}]}}