{"id":3971,"date":"2026-02-13T07:56:14","date_gmt":"2026-02-13T10:56:14","guid":{"rendered":"https:\/\/startrico.com.br\/noticias\/3971-2\/"},"modified":"2026-02-13T07:56:14","modified_gmt":"2026-02-13T10:56:14","slug":"3971-2","status":"publish","type":"post","link":"https:\/\/startrico.com.br\/noticias\/3971-2\/","title":{"rendered":""},"content":{"rendered":"<h2>Gal\u00edpolo destaca necessidade de serenidade e compara BC a &#8216;um transatl\u00e2ntico, n\u00e3o um jetski&#8217;<\/h2>\n<p>O presidente do Banco Central (BC), Gabriel Gal\u00edpolo, afirmou na \u00faltima quarta-feira, 11 de fevereiro de 2026, que a autoridade monet\u00e1ria promover\u00e1 uma &#8220;calibragem&#8221; na taxa Selic a partir de mar\u00e7o, mas que essa a\u00e7\u00e3o ser\u00e1 conduzida com &#8220;serenidade&#8221;. Durante sua fala na CEO Conference do BTG Pactual, Gal\u00edpolo enfatizou que o Banco Central, por sua natureza e responsabilidades, assemelha-se mais a um transatl\u00e2ntico \u2014 lento e est\u00e1vel \u2014 do que a um jetski, que se move rapidamente e de forma abrupta.<\/p>\n<p>Ele explicou que o BC n\u00e3o pode realizar movimentos bruscos ou mudan\u00e7as repentinas, sendo sua atua\u00e7\u00e3o marcada pela cautela e seguran\u00e7a. Essa vis\u00e3o visa transmitir que a autoridade monet\u00e1ria manter\u00e1 uma postura firme, por\u00e9m prudente, considerando os variados dados econ\u00f4micos ao longo do tempo.<\/p>\n<h3>Decis\u00e3o conservadora na sinaliza\u00e7\u00e3o de cortes de juros<\/h3>\n<p>Gal\u00edpolo descreveu que a sinaliza\u00e7\u00e3o de poss\u00edvel redu\u00e7\u00e3o da taxa de juros na \u00faltima reuni\u00e3o do Comit\u00ea de Pol\u00edtica Monet\u00e1ria (Copom) ocorreu devido a evid\u00eancias de que a pol\u00edtica monet\u00e1ria vigente vem surtindo efeito. Contudo, o presidente do BC sublinhou que a decis\u00e3o tomada foi claramente conservadora, aguardando um espa\u00e7o de 45 dias para que haja maior confian\u00e7a na defini\u00e7\u00e3o desse novo ciclo.<\/p>\n<p>&#8220;A atitude do Copom foi mais conservadora, pois estamos consumindo os dados e analisando-os com serenidade&#8221;, explicou, ressaltando a cautela diante do atual cen\u00e1rio econ\u00f4mico.<\/p>\n<h3>Incertezas e ano eleitoral<\/h3>\n<p>Ao ser questionado sobre previs\u00f5es para o restante do ano, Gal\u00edpolo evitou proje\u00e7\u00f5es espec\u00edficas, destacando as incertezas, como o ambiente internacional \u2014 principalmente nos Estados Unidos \u2014 e o contexto pol\u00edtico do Brasil, que enfrenta um ano eleitoral. Segundo ele, as elei\u00e7\u00f5es amplificam as incertezas, dado que seus desdobramentos podem influenciar percep\u00e7\u00f5es e a forma\u00e7\u00e3o dos pre\u00e7os no mercado.<\/p>\n<p>O presidente do BC refor\u00e7ou que, apesar dessas vari\u00e1veis, a institui\u00e7\u00e3o manter\u00e1 sua estabilidade institucional e n\u00e3o mudar\u00e1 sua estrat\u00e9gia de pol\u00edtica monet\u00e1ria conforme os processos eleitorais. A autoridade avalia os dados olhando para um horizonte de 18 meses e reage com base em sua fun\u00e7\u00e3o estrutural, e n\u00e3o em influ\u00eancias conjunturais, como pesquisas eleitorais.<\/p>\n<p>\u201cNossa vis\u00e3o \u00e9 agn\u00f3stica em rela\u00e7\u00e3o \u00e0s elei\u00e7\u00f5es. Responderemos adequadamente dentro do nosso framework institucional e fun\u00e7\u00e3o da pol\u00edtica monet\u00e1ria, sem alterar nossa resposta para cada evento eleitoral que ocorrer\u201d, afirmou.<\/p>\n<h3>Contexto atual da taxa de juros<\/h3>\n<p>Atualmente, a Selic est\u00e1 em 15% ao ano. A expectativa predominante entre analistas de mercado \u00e9 que o ciclo de queda dos juros comece com um corte de 0,50 ponto percentual em mar\u00e7o. A caminhada do Banco Central, conforme colocado por Gal\u00edpolo, ser\u00e1 cuidadosa e fundamentada em evid\u00eancias concretas que indiquem a necessidade e a seguran\u00e7a para alterar os juros.<\/p>\n<p><a href=\"https:\/\/exame.com\/economia\/galipolo-fala-em-serenidade-e-que-bc-e-um-transatlantico-e-nao-jetski\/\" target=\"_blank\" rel=\"noopener\">Fonte<\/a><\/p>\n","protected":false},"excerpt":{"rendered":"<p>Gal\u00edpolo destaca necessidade de serenidade e compara BC a &#8216;um transatl\u00e2ntico, n\u00e3o um jetski&#8217; O presidente do Banco Central (BC), [&hellip;]<\/p>\n","protected":false},"author":1,"featured_media":3970,"comment_status":"open","ping_status":"open","sticky":false,"template":"","format":"standard","meta":{"site-sidebar-layout":"default","site-content-layout":"","ast-site-content-layout":"default","site-content-style":"default","site-sidebar-style":"default","ast-global-header-display":"","ast-banner-title-visibility":"","ast-main-header-display":"","ast-hfb-above-header-display":"","ast-hfb-below-header-display":"","ast-hfb-mobile-header-display":"","site-post-title":"","ast-breadcrumbs-content":"","ast-featured-img":"","footer-sml-layout":"","theme-transparent-header-meta":"","adv-header-id-meta":"","stick-header-meta":"","header-above-stick-meta":"","header-main-stick-meta":"","header-below-stick-meta":"","astra-migrate-meta-layouts":"default","ast-page-background-enabled":"default","ast-page-background-meta":{"desktop":{"background-color":"var(--ast-global-color-5)","background-image":"","background-repeat":"repeat","background-position":"center center","background-size":"auto","background-attachment":"scroll","background-type":"","background-media":"","overlay-type":"","overlay-color":"","overlay-opacity":"","overlay-gradient":""},"tablet":{"background-color":"","background-image":"","background-repeat":"repeat","background-position":"center center","background-size":"auto","background-attachment":"scroll","background-type":"","background-media":"","overlay-type":"","overlay-color":"","overlay-opacity":"","overlay-gradient":""},"mobile":{"background-color":"","background-image":"","background-repeat":"repeat","background-position":"center center","background-size":"auto","background-attachment":"scroll","background-type":"","background-media":"","overlay-type":"","overlay-color":"","overlay-opacity":"","overlay-gradient":""}},"ast-content-background-meta":{"desktop":{"background-color":"var(--ast-global-color-4)","background-image":"","background-repeat":"repeat","background-position":"center center","background-size":"auto","background-attachment":"scroll","background-type":"","background-media":"","overlay-type":"","overlay-color":"","overlay-opacity":"","overlay-gradient":""},"tablet":{"background-color":"var(--ast-global-color-4)","background-image":"","background-repeat":"repeat","background-position":"center center","background-size":"auto","background-attachment":"scroll","background-type":"","background-media":"","overlay-type":"","overlay-color":"","overlay-opacity":"","overlay-gradient":""},"mobile":{"background-color":"var(--ast-global-color-4)","background-image":"","background-repeat":"repeat","background-position":"center center","background-size":"auto","background-attachment":"scroll","background-type":"","background-media":"","overlay-type":"","overlay-color":"","overlay-opacity":"","overlay-gradient":""}},"footnotes":""},"categories":[1],"tags":[],"class_list":["post-3971","post","type-post","status-publish","format-standard","has-post-thumbnail","hentry","category-ultimas"],"_links":{"self":[{"href":"https:\/\/startrico.com.br\/noticias\/wp-json\/wp\/v2\/posts\/3971","targetHints":{"allow":["GET"]}}],"collection":[{"href":"https:\/\/startrico.com.br\/noticias\/wp-json\/wp\/v2\/posts"}],"about":[{"href":"https:\/\/startrico.com.br\/noticias\/wp-json\/wp\/v2\/types\/post"}],"author":[{"embeddable":true,"href":"https:\/\/startrico.com.br\/noticias\/wp-json\/wp\/v2\/users\/1"}],"replies":[{"embeddable":true,"href":"https:\/\/startrico.com.br\/noticias\/wp-json\/wp\/v2\/comments?post=3971"}],"version-history":[{"count":0,"href":"https:\/\/startrico.com.br\/noticias\/wp-json\/wp\/v2\/posts\/3971\/revisions"}],"wp:featuredmedia":[{"embeddable":true,"href":"https:\/\/startrico.com.br\/noticias\/wp-json\/wp\/v2\/media\/3970"}],"wp:attachment":[{"href":"https:\/\/startrico.com.br\/noticias\/wp-json\/wp\/v2\/media?parent=3971"}],"wp:term":[{"taxonomy":"category","embeddable":true,"href":"https:\/\/startrico.com.br\/noticias\/wp-json\/wp\/v2\/categories?post=3971"},{"taxonomy":"post_tag","embeddable":true,"href":"https:\/\/startrico.com.br\/noticias\/wp-json\/wp\/v2\/tags?post=3971"}],"curies":[{"name":"wp","href":"https:\/\/api.w.org\/{rel}","templated":true}]}}