{"id":3989,"date":"2026-02-14T07:41:12","date_gmt":"2026-02-14T10:41:12","guid":{"rendered":"https:\/\/startrico.com.br\/noticias\/ibovespa-registra-leve-recuo-2\/"},"modified":"2026-02-14T07:41:12","modified_gmt":"2026-02-14T10:41:12","slug":"ibovespa-registra-leve-recuo-2","status":"publish","type":"post","link":"https:\/\/startrico.com.br\/noticias\/ibovespa-registra-leve-recuo-2\/","title":{"rendered":"Ibovespa Registra Leve Recuo Pr\u00e9-Feriado E Fecha Semana Em Alta"},"content":{"rendered":"<h2>Ibovespa recua em meio \u00e0 cautela pr\u00e9-feriado, mas sobe 1,92% na semana; d\u00f3lar fecha a R$ 5,22<\/h2>\n<p>Na \u00faltima sexta-feira (13), o Ibovespa apresentou uma leve queda de 0,69%, fechando em 186.464,30 pontos, em um ambiente de precau\u00e7\u00e3o por parte dos investidores devido \u00e0 proximidade do feriado prolongado de Carnaval. Apesar do recuo do dia, o \u00edndice acumulou alta semanal de 1,92%, demonstrando resili\u00eancia ao longo dos \u00faltimos dias.<\/p>\n<p>O Ibovespa come\u00e7ou a semana com ganhos s\u00f3lidos, alcan\u00e7ando a m\u00e1xima hist\u00f3rica intradi\u00e1ria de 190 mil pontos, mas foi o receio caracter\u00edstico da v\u00e9spera do feriado que levou o mercado a diminuir sua exposi\u00e7\u00e3o, resultando no recuo observado na sexta.<\/p>\n<p>Na agenda econ\u00f4mica dom\u00e9stica, aten\u00e7\u00e3o esteve voltada ao desempenho do com\u00e9rcio varejista brasileiro, que sofreu uma queda de 0,4% em dezembro, ap\u00f3s um avan\u00e7o de 1% em novembro. Mesmo com o resultado negativo no \u00faltimo m\u00eas, o varejo fechou 2025 com crescimento de 1,6%, abaixo do aumento de 4,1% registrado em 2024.<\/p>\n<p>Christian Iarussi, economista e s\u00f3cio da The Hill Capital, indicou que a principal raz\u00e3o para a retra\u00e7\u00e3o do \u00edndice no dia foi o ajuste de posi\u00e7\u00f5es em fun\u00e7\u00e3o do feriado prolongado, que mant\u00e9m a B3 fechada por quatro dias. A baixa do pre\u00e7o do min\u00e9rio de ferro e o desempenho fraco do petr\u00f3leo tamb\u00e9m exerceram press\u00e3o sobre a\u00e7\u00f5es relevantes da bolsa, como as da Vale e Petrobras.<\/p>\n<h3>Desempenho do Ibovespa na sexta-feira<\/h3>\n<p>Durante o preg\u00e3o, o Ibovespa oscilou entre 187.765,82 pontos como ponto m\u00e1ximo e 183.662,18 pontos como m\u00ednimo, com volume negociado de R$ 33,4 bilh\u00f5es.<\/p>\n<p>Os pap\u00e9is com maior valoriza\u00e7\u00e3o no dia foram:<\/p>\n<ul class=\"myul\">\n<li>ENEV3: +8%, cota\u00e7\u00e3o de R$ 21,43<\/li>\n<li>USIM5: +4,81%, cota\u00e7\u00e3o de R$ 6,32<\/li>\n<li>CURY3: +3,70%, cota\u00e7\u00e3o de R$ 40,88<\/li>\n<li>RECV3: +2,63%, cota\u00e7\u00e3o de R$ 10,91<\/li>\n<li>BRKM5: +2,39%, cota\u00e7\u00e3o de R$ 9,84<\/li>\n<\/ul>\n<p>Por outro lado, os maiores recuos foram observados em:<\/p>\n<ul class=\"myul\">\n<li>TIMS3: -3,92%, cota\u00e7\u00e3o de R$ 27,18<\/li>\n<li>GOAU4: -3,68%, cota\u00e7\u00e3o de R$ 9,68<\/li>\n<li>BRAP4: -3,65%, cota\u00e7\u00e3o de R$ 23,75<\/li>\n<li>RAIZ4: -2,99%, cota\u00e7\u00e3o de R$ 0,65<\/li>\n<\/ul>\n<h3>Mercado cambial<\/h3>\n<p>O d\u00f3lar comercial tamb\u00e9m acompanhou a cautela dos investidores, fechando em alta de 0,57% ante o real, cotado a R$ 5,22 no encerramento do dia. A valoriza\u00e7\u00e3o da moeda americana reflete o aumento da avers\u00e3o ao risco e not\u00edcias dom\u00e9sticas, incluindo evolu\u00e7\u00f5es relacionadas ao caso Banco Master e envolvimento de novas partes interessadas, segundo Paula Zogbi, estrategista-chefe da Nomad.<\/p>\n<h3>Desempenho nas bolsas dos EUA<\/h3>\n<p>Nas bolsas norte-americanas, o sentimento pessimista em rela\u00e7\u00e3o \u00e0s empresas do setor de tecnologia amenizou parcialmente, devido \u00e0s preocupa\u00e7\u00f5es sobre os efeitos da intelig\u00eancia artificial nos resultados corporativos. Apesar disso, as quedas semanais n\u00e3o foram revertidas, e os \u00edndices fecharam a sexta-feira de forma mista: Dow Jones avan\u00e7ou 0,05%, S&#038;P 500 teve leve recuo de 0,01%, e Nasdaq caiu 0,26%.<\/p>\n<p><a href=\"https:\/\/borainvestir.b3.com.br\/noticias\/mercado\/ibovespa-b3-recua-com-cautela-pre-feriado-mas-fecha-semana-com-192-dolar-vai-a-r-522\/\" target=\"_blank\" rel=\"noopener\">Fonte<\/a><\/p>\n","protected":false},"excerpt":{"rendered":"<p>Ibovespa teve leve queda pr\u00e9-feriado, por\u00e9m fechou a semana com alta de 1,92% em ambiente de cautela e mercado est\u00e1vel.<\/p>\n","protected":false},"author":1,"featured_media":3988,"comment_status":"open","ping_status":"open","sticky":false,"template":"","format":"standard","meta":{"site-sidebar-layout":"default","site-content-layout":"","ast-site-content-layout":"default","site-content-style":"default","site-sidebar-style":"default","ast-global-header-display":"","ast-banner-title-visibility":"","ast-main-header-display":"","ast-hfb-above-header-display":"","ast-hfb-below-header-display":"","ast-hfb-mobile-header-display":"","site-post-title":"","ast-breadcrumbs-content":"","ast-featured-img":"","footer-sml-layout":"","theme-transparent-header-meta":"","adv-header-id-meta":"","stick-header-meta":"","header-above-stick-meta":"","header-main-stick-meta":"","header-below-stick-meta":"","astra-migrate-meta-layouts":"default","ast-page-background-enabled":"default","ast-page-background-meta":{"desktop":{"background-color":"var(--ast-global-color-5)","background-image":"","background-repeat":"repeat","background-position":"center center","background-size":"auto","background-attachment":"scroll","background-type":"","background-media":"","overlay-type":"","overlay-color":"","overlay-opacity":"","overlay-gradient":""},"tablet":{"background-color":"","background-image":"","background-repeat":"repeat","background-position":"center center","background-size":"auto","background-attachment":"scroll","background-type":"","background-media":"","overlay-type":"","overlay-color":"","overlay-opacity":"","overlay-gradient":""},"mobile":{"background-color":"","background-image":"","background-repeat":"repeat","background-position":"center center","background-size":"auto","background-attachment":"scroll","background-type":"","background-media":"","overlay-type":"","overlay-color":"","overlay-opacity":"","overlay-gradient":""}},"ast-content-background-meta":{"desktop":{"background-color":"var(--ast-global-color-4)","background-image":"","background-repeat":"repeat","background-position":"center center","background-size":"auto","background-attachment":"scroll","background-type":"","background-media":"","overlay-type":"","overlay-color":"","overlay-opacity":"","overlay-gradient":""},"tablet":{"background-color":"var(--ast-global-color-4)","background-image":"","background-repeat":"repeat","background-position":"center center","background-size":"auto","background-attachment":"scroll","background-type":"","background-media":"","overlay-type":"","overlay-color":"","overlay-opacity":"","overlay-gradient":""},"mobile":{"background-color":"var(--ast-global-color-4)","background-image":"","background-repeat":"repeat","background-position":"center center","background-size":"auto","background-attachment":"scroll","background-type":"","background-media":"","overlay-type":"","overlay-color":"","overlay-opacity":"","overlay-gradient":""}},"footnotes":""},"categories":[1],"tags":[],"class_list":["post-3989","post","type-post","status-publish","format-standard","has-post-thumbnail","hentry","category-ultimas"],"_links":{"self":[{"href":"https:\/\/startrico.com.br\/noticias\/wp-json\/wp\/v2\/posts\/3989","targetHints":{"allow":["GET"]}}],"collection":[{"href":"https:\/\/startrico.com.br\/noticias\/wp-json\/wp\/v2\/posts"}],"about":[{"href":"https:\/\/startrico.com.br\/noticias\/wp-json\/wp\/v2\/types\/post"}],"author":[{"embeddable":true,"href":"https:\/\/startrico.com.br\/noticias\/wp-json\/wp\/v2\/users\/1"}],"replies":[{"embeddable":true,"href":"https:\/\/startrico.com.br\/noticias\/wp-json\/wp\/v2\/comments?post=3989"}],"version-history":[{"count":0,"href":"https:\/\/startrico.com.br\/noticias\/wp-json\/wp\/v2\/posts\/3989\/revisions"}],"wp:featuredmedia":[{"embeddable":true,"href":"https:\/\/startrico.com.br\/noticias\/wp-json\/wp\/v2\/media\/3988"}],"wp:attachment":[{"href":"https:\/\/startrico.com.br\/noticias\/wp-json\/wp\/v2\/media?parent=3989"}],"wp:term":[{"taxonomy":"category","embeddable":true,"href":"https:\/\/startrico.com.br\/noticias\/wp-json\/wp\/v2\/categories?post=3989"},{"taxonomy":"post_tag","embeddable":true,"href":"https:\/\/startrico.com.br\/noticias\/wp-json\/wp\/v2\/tags?post=3989"}],"curies":[{"name":"wp","href":"https:\/\/api.w.org\/{rel}","templated":true}]}}