{"id":3993,"date":"2026-02-14T07:56:00","date_gmt":"2026-02-14T10:56:00","guid":{"rendered":"https:\/\/startrico.com.br\/noticias\/governo-ajusta-precoteto-para\/"},"modified":"2026-02-14T07:56:00","modified_gmt":"2026-02-14T10:56:00","slug":"governo-ajusta-precoteto-para","status":"publish","type":"post","link":"https:\/\/startrico.com.br\/noticias\/governo-ajusta-precoteto-para\/","title":{"rendered":"Governo Ajusta Pre\u00e7o-Teto Para Leil\u00e3o De Reserva De Energia"},"content":{"rendered":"<h2>Governo ajusta pre\u00e7o-teto do leil\u00e3o de &#8216;reserva&#8217; de energia<\/h2>\n<p>O Minist\u00e9rio de Minas e Energia (MME) comunicou nesta sexta-feira, 13 de fevereiro de 2026, a atualiza\u00e7\u00e3o dos pre\u00e7os-teto para o leil\u00e3o de reserva de energia, que est\u00e1 previsto para ocorrer em abril. Essa altera\u00e7\u00e3o foi motivada por questionamentos do setor sobre os valores originais estabelecidos na modelagem inicial do certame.<\/p>\n<p>A decis\u00e3o foi tomada ap\u00f3s um processo formal de escuta dos agentes do mercado, e o minist\u00e9rio enviou as novas informa\u00e7\u00f5es para a Ag\u00eancia Nacional de Energia El\u00e9trica (Aneel), \u00f3rg\u00e3o regulador respons\u00e1vel pelo setor el\u00e9trico. Importante destacar que o calend\u00e1rio do leil\u00e3o permanece inalterado, mesmo com o reajuste nos pre\u00e7os.<\/p>\n<h3>Esclarecimentos do Minist\u00e9rio de Minas e Energia<\/h3>\n<p>Na quarta-feira, 11, o ministro Alexandre Silveira ressaltou que foram identificadas discrep\u00e2ncias entre os dados utilizados para fixar os pre\u00e7os-teto e a real demanda ofertada no mercado. Apesar disso, a metodologia utilizada para a forma\u00e7\u00e3o dos pre\u00e7os foi mantida, com ajustes t\u00e9cnicos na estrutura de custos e revis\u00e3o das proje\u00e7\u00f5es de investimentos necess\u00e1rios para a manuten\u00e7\u00e3o das usinas geradoras.<\/p>\n<p>O objetivo principal dessa atualiza\u00e7\u00e3o \u00e9 prevenir distor\u00e7\u00f5es que possam comprometer a atratividade do leil\u00e3o, garantindo seguran\u00e7a energ\u00e9tica e uma competi\u00e7\u00e3o saud\u00e1vel entre os participantes, ao mesmo tempo em que assegura a previsibilidade regulat\u00f3ria e protege os consumidores.<\/p>\n<p>\u201cAs melhorias no Leil\u00e3o de Reserva de Capacidade visam assegurar a estabilidade do fornecimento no pa\u00eds, promover uma competi\u00e7\u00e3o efetiva e preservar as condi\u00e7\u00f5es regulat\u00f3rias, sempre com responsabilidade para o consumidor\u201d, afirmou o ministro Alexandre Silveira.<\/p>\n<h3>Contexto e import\u00e2ncia do leil\u00e3o de reserva<\/h3>\n<p>O leil\u00e3o originalmente previsto para 2023 foi adiado por conta de disputas judiciais que questionavam crit\u00e9rios da modelagem e das regras para participa\u00e7\u00e3o, especialmente aspectos econ\u00f4micos e competitivos do certame. Posteriormente, a data foi remarcada para abril de 2026.<\/p>\n<p>Os leil\u00f5es de reserva exercem um papel crucial para refor\u00e7ar a confiabilidade do sistema el\u00e9trico nacional. Relat\u00f3rios recentes da Empresa de Pesquisa Energ\u00e9tica (EPE) apontam que a maior inser\u00e7\u00e3o de fontes intermitentes, tais como energia e\u00f3lica e solar \u2014 que dependem das condi\u00e7\u00f5es clim\u00e1ticas \u2014, aumenta a necessidade de contrata\u00e7\u00e3o de usinas reservas, geralmente t\u00e9rmicas, que operam sob demanda para garantir a estabilidade na oferta de energia.<\/p>\n<p>Assim, o ajuste no pre\u00e7o-teto busca refletir a realidade atual do mercado, aperfei\u00e7oar a estrutura de custos e preservar o equil\u00edbrio entre oferta e demanda para evitar riscos que possam comprometer o funcionamento do sistema.<\/p>\n<p><a href=\"https:\/\/exame.com\/economia\/governo-anuncia-reajuste-do-preco-teto-de-leilao-de-reserva-de-energia\/\" target=\"_blank\" rel=\"noopener\">Fonte<\/a><\/p>\n","protected":false},"excerpt":{"rendered":"<p>Pre\u00e7o-teto do leil\u00e3o de reserva de energia foi atualizado para promover competi\u00e7\u00e3o e garantir a estabilidade do fornecimento el\u00e9trico.<\/p>\n","protected":false},"author":1,"featured_media":3992,"comment_status":"open","ping_status":"open","sticky":false,"template":"","format":"standard","meta":{"site-sidebar-layout":"default","site-content-layout":"","ast-site-content-layout":"default","site-content-style":"default","site-sidebar-style":"default","ast-global-header-display":"","ast-banner-title-visibility":"","ast-main-header-display":"","ast-hfb-above-header-display":"","ast-hfb-below-header-display":"","ast-hfb-mobile-header-display":"","site-post-title":"","ast-breadcrumbs-content":"","ast-featured-img":"","footer-sml-layout":"","theme-transparent-header-meta":"","adv-header-id-meta":"","stick-header-meta":"","header-above-stick-meta":"","header-main-stick-meta":"","header-below-stick-meta":"","astra-migrate-meta-layouts":"default","ast-page-background-enabled":"default","ast-page-background-meta":{"desktop":{"background-color":"var(--ast-global-color-5)","background-image":"","background-repeat":"repeat","background-position":"center center","background-size":"auto","background-attachment":"scroll","background-type":"","background-media":"","overlay-type":"","overlay-color":"","overlay-opacity":"","overlay-gradient":""},"tablet":{"background-color":"","background-image":"","background-repeat":"repeat","background-position":"center center","background-size":"auto","background-attachment":"scroll","background-type":"","background-media":"","overlay-type":"","overlay-color":"","overlay-opacity":"","overlay-gradient":""},"mobile":{"background-color":"","background-image":"","background-repeat":"repeat","background-position":"center center","background-size":"auto","background-attachment":"scroll","background-type":"","background-media":"","overlay-type":"","overlay-color":"","overlay-opacity":"","overlay-gradient":""}},"ast-content-background-meta":{"desktop":{"background-color":"var(--ast-global-color-4)","background-image":"","background-repeat":"repeat","background-position":"center center","background-size":"auto","background-attachment":"scroll","background-type":"","background-media":"","overlay-type":"","overlay-color":"","overlay-opacity":"","overlay-gradient":""},"tablet":{"background-color":"var(--ast-global-color-4)","background-image":"","background-repeat":"repeat","background-position":"center center","background-size":"auto","background-attachment":"scroll","background-type":"","background-media":"","overlay-type":"","overlay-color":"","overlay-opacity":"","overlay-gradient":""},"mobile":{"background-color":"var(--ast-global-color-4)","background-image":"","background-repeat":"repeat","background-position":"center center","background-size":"auto","background-attachment":"scroll","background-type":"","background-media":"","overlay-type":"","overlay-color":"","overlay-opacity":"","overlay-gradient":""}},"footnotes":""},"categories":[1],"tags":[],"class_list":["post-3993","post","type-post","status-publish","format-standard","has-post-thumbnail","hentry","category-ultimas"],"_links":{"self":[{"href":"https:\/\/startrico.com.br\/noticias\/wp-json\/wp\/v2\/posts\/3993","targetHints":{"allow":["GET"]}}],"collection":[{"href":"https:\/\/startrico.com.br\/noticias\/wp-json\/wp\/v2\/posts"}],"about":[{"href":"https:\/\/startrico.com.br\/noticias\/wp-json\/wp\/v2\/types\/post"}],"author":[{"embeddable":true,"href":"https:\/\/startrico.com.br\/noticias\/wp-json\/wp\/v2\/users\/1"}],"replies":[{"embeddable":true,"href":"https:\/\/startrico.com.br\/noticias\/wp-json\/wp\/v2\/comments?post=3993"}],"version-history":[{"count":0,"href":"https:\/\/startrico.com.br\/noticias\/wp-json\/wp\/v2\/posts\/3993\/revisions"}],"wp:featuredmedia":[{"embeddable":true,"href":"https:\/\/startrico.com.br\/noticias\/wp-json\/wp\/v2\/media\/3992"}],"wp:attachment":[{"href":"https:\/\/startrico.com.br\/noticias\/wp-json\/wp\/v2\/media?parent=3993"}],"wp:term":[{"taxonomy":"category","embeddable":true,"href":"https:\/\/startrico.com.br\/noticias\/wp-json\/wp\/v2\/categories?post=3993"},{"taxonomy":"post_tag","embeddable":true,"href":"https:\/\/startrico.com.br\/noticias\/wp-json\/wp\/v2\/tags?post=3993"}],"curies":[{"name":"wp","href":"https:\/\/api.w.org\/{rel}","templated":true}]}}