{"id":4015,"date":"2026-02-15T07:56:03","date_gmt":"2026-02-15T10:56:03","guid":{"rendered":"https:\/\/startrico.com.br\/noticias\/governo-reajusta-precoteto-de\/"},"modified":"2026-02-15T07:56:03","modified_gmt":"2026-02-15T10:56:03","slug":"governo-reajusta-precoteto-de","status":"publish","type":"post","link":"https:\/\/startrico.com.br\/noticias\/governo-reajusta-precoteto-de\/","title":{"rendered":"Governo Reajusta Pre\u00e7o-Teto De Leil\u00e3o De Reserva De Energia"},"content":{"rendered":"<h2>Governo ajusta pre\u00e7o-teto para leil\u00e3o de energia reserva<\/h2>\n<p>O Minist\u00e9rio de Minas e Energia (MME) comunicou nesta sexta-feira, 13 de fevereiro de 2026, a atualiza\u00e7\u00e3o dos pre\u00e7os-teto relativos ao leil\u00e3o de energia reserva, marcado para acontecer em abril. A mudan\u00e7a foi resultado de demandas do setor que questionavam os valores estabelecidos na modelagem inicial do certame.<\/p>\n<p>A decis\u00e3o foi tomada ap\u00f3s um processo formal de consulta aos agentes do mercado e as novas condi\u00e7\u00f5es foram repassadas \u00e0 Ag\u00eancia Nacional de Energia El\u00e9trica (Aneel), respons\u00e1vel pela regula\u00e7\u00e3o da \u00e1rea. Apesar do reajuste, o cronograma da disputa permanece conforme o planejado.<\/p>\n<p>Em pronunciamento na quarta-feira, 11, o ministro Alexandre Silveira apontou que foram identificadas discrep\u00e2ncias entre os dados utilizados para determinar os pre\u00e7os e a real demanda de oferta no mercado. Embora o m\u00e9todo original para estabelecer os valores tenha sido mantido, houve um aprimoramento t\u00e9cnico na composi\u00e7\u00e3o dos custos e uma revis\u00e3o dos investimentos imprescind\u00edveis para a manuten\u00e7\u00e3o das usinas geradoras.<\/p>\n<p>O intuito principal desse ajuste, conforme o minist\u00e9rio, \u00e9 evitar distor\u00e7\u00f5es e reduzir os riscos que possam comprometer a atratividade do leil\u00e3o. O ministro refor\u00e7ou que as atualiza\u00e7\u00f5es t\u00eam como foco garantir a seguran\u00e7a energ\u00e9tica nacional, promover uma competitividade verdadeira na disputa e preservar a previsibilidade regulat\u00f3ria, sem deixar de zelar pelos interesses do consumidor.<\/p>\n<p>Esse leil\u00e3o, originalmente previsto para 2023, foi adiado devido a contesta\u00e7\u00f5es judiciais que questionaram a modelagem e as regras de participa\u00e7\u00e3o. Ap\u00f3s essas disputas, o evento foi novamente agendado para abril de 2026. Entre os pontos legais questionados estavam os crit\u00e9rios de ingresso e os par\u00e2metros econ\u00f4micos adotados na estrutura do leil\u00e3o.<\/p>\n<p>Os leil\u00f5es de reserva s\u00e3o importantes para assegurar a confiabilidade do sistema el\u00e9trico. Estudos da Empresa de Pesquisa Energ\u00e9tica indicam que, com o crescimento da participa\u00e7\u00e3o das fontes intermitentes, como as usinas e\u00f3licas e solares, aumenta a necessidade de contratar usinas reservas, especialmente termel\u00e9tricas, que entram em opera\u00e7\u00e3o conforme a demanda, garantindo a estabilidade do fornecimento de energia.<\/p>\n<p><a href=\"https:\/\/exame.com\/economia\/governo-anuncia-reajuste-do-preco-teto-de-leilao-de-reserva-de-energia\/\" target=\"_blank\" rel=\"noopener\">Fonte<\/a><\/p>\n","protected":false},"excerpt":{"rendered":"<p>Leil\u00e3o de reserva de energia sofreu reajuste no pre\u00e7o-teto para preservar a seguran\u00e7a energ\u00e9tica e aumentar a competitividade no mercado.<\/p>\n","protected":false},"author":1,"featured_media":4014,"comment_status":"open","ping_status":"open","sticky":false,"template":"","format":"standard","meta":{"site-sidebar-layout":"default","site-content-layout":"","ast-site-content-layout":"default","site-content-style":"default","site-sidebar-style":"default","ast-global-header-display":"","ast-banner-title-visibility":"","ast-main-header-display":"","ast-hfb-above-header-display":"","ast-hfb-below-header-display":"","ast-hfb-mobile-header-display":"","site-post-title":"","ast-breadcrumbs-content":"","ast-featured-img":"","footer-sml-layout":"","theme-transparent-header-meta":"","adv-header-id-meta":"","stick-header-meta":"","header-above-stick-meta":"","header-main-stick-meta":"","header-below-stick-meta":"","astra-migrate-meta-layouts":"default","ast-page-background-enabled":"default","ast-page-background-meta":{"desktop":{"background-color":"var(--ast-global-color-5)","background-image":"","background-repeat":"repeat","background-position":"center center","background-size":"auto","background-attachment":"scroll","background-type":"","background-media":"","overlay-type":"","overlay-color":"","overlay-opacity":"","overlay-gradient":""},"tablet":{"background-color":"","background-image":"","background-repeat":"repeat","background-position":"center center","background-size":"auto","background-attachment":"scroll","background-type":"","background-media":"","overlay-type":"","overlay-color":"","overlay-opacity":"","overlay-gradient":""},"mobile":{"background-color":"","background-image":"","background-repeat":"repeat","background-position":"center center","background-size":"auto","background-attachment":"scroll","background-type":"","background-media":"","overlay-type":"","overlay-color":"","overlay-opacity":"","overlay-gradient":""}},"ast-content-background-meta":{"desktop":{"background-color":"var(--ast-global-color-4)","background-image":"","background-repeat":"repeat","background-position":"center center","background-size":"auto","background-attachment":"scroll","background-type":"","background-media":"","overlay-type":"","overlay-color":"","overlay-opacity":"","overlay-gradient":""},"tablet":{"background-color":"var(--ast-global-color-4)","background-image":"","background-repeat":"repeat","background-position":"center center","background-size":"auto","background-attachment":"scroll","background-type":"","background-media":"","overlay-type":"","overlay-color":"","overlay-opacity":"","overlay-gradient":""},"mobile":{"background-color":"var(--ast-global-color-4)","background-image":"","background-repeat":"repeat","background-position":"center center","background-size":"auto","background-attachment":"scroll","background-type":"","background-media":"","overlay-type":"","overlay-color":"","overlay-opacity":"","overlay-gradient":""}},"footnotes":""},"categories":[1],"tags":[],"class_list":["post-4015","post","type-post","status-publish","format-standard","has-post-thumbnail","hentry","category-ultimas"],"_links":{"self":[{"href":"https:\/\/startrico.com.br\/noticias\/wp-json\/wp\/v2\/posts\/4015","targetHints":{"allow":["GET"]}}],"collection":[{"href":"https:\/\/startrico.com.br\/noticias\/wp-json\/wp\/v2\/posts"}],"about":[{"href":"https:\/\/startrico.com.br\/noticias\/wp-json\/wp\/v2\/types\/post"}],"author":[{"embeddable":true,"href":"https:\/\/startrico.com.br\/noticias\/wp-json\/wp\/v2\/users\/1"}],"replies":[{"embeddable":true,"href":"https:\/\/startrico.com.br\/noticias\/wp-json\/wp\/v2\/comments?post=4015"}],"version-history":[{"count":0,"href":"https:\/\/startrico.com.br\/noticias\/wp-json\/wp\/v2\/posts\/4015\/revisions"}],"wp:featuredmedia":[{"embeddable":true,"href":"https:\/\/startrico.com.br\/noticias\/wp-json\/wp\/v2\/media\/4014"}],"wp:attachment":[{"href":"https:\/\/startrico.com.br\/noticias\/wp-json\/wp\/v2\/media?parent=4015"}],"wp:term":[{"taxonomy":"category","embeddable":true,"href":"https:\/\/startrico.com.br\/noticias\/wp-json\/wp\/v2\/categories?post=4015"},{"taxonomy":"post_tag","embeddable":true,"href":"https:\/\/startrico.com.br\/noticias\/wp-json\/wp\/v2\/tags?post=4015"}],"curies":[{"name":"wp","href":"https:\/\/api.w.org\/{rel}","templated":true}]}}