{"id":4037,"date":"2026-02-16T07:55:59","date_gmt":"2026-02-16T10:55:59","guid":{"rendered":"https:\/\/startrico.com.br\/noticias\/governo-ajusta-precoteto-do\/"},"modified":"2026-02-16T07:55:59","modified_gmt":"2026-02-16T10:55:59","slug":"governo-ajusta-precoteto-do","status":"publish","type":"post","link":"https:\/\/startrico.com.br\/noticias\/governo-ajusta-precoteto-do\/","title":{"rendered":"Governo Ajusta Pre\u00e7o-Teto Do Leil\u00e3o De Reserva De Energia"},"content":{"rendered":"<h2>Governo ajusta pre\u00e7o-teto do leil\u00e3o de reserva de energia<\/h2>\n<p>O Minist\u00e9rio de Minas e Energia (MME) comunicou nesta sexta-feira, 13 de fevereiro de 2026, uma revis\u00e3o nos pre\u00e7os m\u00e1ximos para o leil\u00e3o de reserva de energia, que est\u00e1 previsto para ocorrer em abril. Essa decis\u00e3o veio ap\u00f3s press\u00e3o de agentes do mercado que questionaram os valores inicialmente estabelecidos na modelagem do certame.<\/p>\n<p>Segundo o MME, o ajuste se deu ap\u00f3s um processo institucional de escuta dos envolvidos, resultando em um refinamento t\u00e9cnico na estrutura de custos e na revis\u00e3o das estimativas de investimentos necess\u00e1rios para a manuten\u00e7\u00e3o das usinas de gera\u00e7\u00e3o. A metodologia de forma\u00e7\u00e3o dos pre\u00e7os, entretanto, foi mantida. O objetivo principal dessa atualiza\u00e7\u00e3o foi evitar distor\u00e7\u00f5es e reduzir riscos que pudessem afetar a atratividade do leil\u00e3o.<\/p>\n<p>O ministro Alexandre Silveira destacou que o reajuste busca assegurar a seguran\u00e7a energ\u00e9tica do pa\u00eds, promover competi\u00e7\u00e3o efetiva no leil\u00e3o e preservar a previsibilidade regulat\u00f3ria, sempre com responsabilidade para com o consumidor.<\/p>\n<p>Anteriormente, o leil\u00e3o estava programado para 2023, mas foi suspenso por disputas judiciais que questionaram sua modelagem e crit\u00e9rios de participa\u00e7\u00e3o, al\u00e9m de par\u00e2metros econ\u00f4micos adotados. Com a revis\u00e3o aprovada, o cronograma permanece previsto para abril deste ano, conforme informado pelo governo.<\/p>\n<p>Esses leil\u00f5es de reserva s\u00e3o fundamentais para refor\u00e7ar a confiabilidade do sistema el\u00e9trico nacional. De acordo com relat\u00f3rios da Empresa de Pesquisa Energ\u00e9tica, o aumento da participa\u00e7\u00e3o de fontes intermitentes, como as e\u00f3licas e solares \u2014 cuja gera\u00e7\u00e3o depende das condi\u00e7\u00f5es clim\u00e1ticas \u2014, eleva a necessidade de contrata\u00e7\u00e3o das chamadas usinas de reserva, como as termel\u00e9tricas, que s\u00e3o acionadas sob demanda para garantir a estabilidade do fornecimento de energia.<\/p>\n<p>Na \u00faltima quarta-feira, 11, Alexandre Silveira mencionou que o governo identificou diverg\u00eancias entre os dados utilizados inicialmente para definir os pre\u00e7os e a demanda real do mercado, o que motivou a revis\u00e3o t\u00e9cnica na estrutura de custos.<\/p>\n<p><a href=\"https:\/\/exame.com\/economia\/governo-anuncia-reajuste-do-preco-teto-de-leilao-de-reserva-de-energia\/\" target=\"_blank\" rel=\"noopener\">Fonte<\/a><\/p>\n","protected":false},"excerpt":{"rendered":"<p>Pre\u00e7o-teto do leil\u00e3o de reserva de energia foi ajustado para preservar a seguran\u00e7a energ\u00e9tica e incentivar a competitividade no setor el\u00e9trico nacional.<\/p>\n","protected":false},"author":1,"featured_media":4036,"comment_status":"open","ping_status":"open","sticky":false,"template":"","format":"standard","meta":{"site-sidebar-layout":"default","site-content-layout":"","ast-site-content-layout":"default","site-content-style":"default","site-sidebar-style":"default","ast-global-header-display":"","ast-banner-title-visibility":"","ast-main-header-display":"","ast-hfb-above-header-display":"","ast-hfb-below-header-display":"","ast-hfb-mobile-header-display":"","site-post-title":"","ast-breadcrumbs-content":"","ast-featured-img":"","footer-sml-layout":"","theme-transparent-header-meta":"","adv-header-id-meta":"","stick-header-meta":"","header-above-stick-meta":"","header-main-stick-meta":"","header-below-stick-meta":"","astra-migrate-meta-layouts":"default","ast-page-background-enabled":"default","ast-page-background-meta":{"desktop":{"background-color":"var(--ast-global-color-5)","background-image":"","background-repeat":"repeat","background-position":"center center","background-size":"auto","background-attachment":"scroll","background-type":"","background-media":"","overlay-type":"","overlay-color":"","overlay-opacity":"","overlay-gradient":""},"tablet":{"background-color":"","background-image":"","background-repeat":"repeat","background-position":"center center","background-size":"auto","background-attachment":"scroll","background-type":"","background-media":"","overlay-type":"","overlay-color":"","overlay-opacity":"","overlay-gradient":""},"mobile":{"background-color":"","background-image":"","background-repeat":"repeat","background-position":"center center","background-size":"auto","background-attachment":"scroll","background-type":"","background-media":"","overlay-type":"","overlay-color":"","overlay-opacity":"","overlay-gradient":""}},"ast-content-background-meta":{"desktop":{"background-color":"var(--ast-global-color-4)","background-image":"","background-repeat":"repeat","background-position":"center center","background-size":"auto","background-attachment":"scroll","background-type":"","background-media":"","overlay-type":"","overlay-color":"","overlay-opacity":"","overlay-gradient":""},"tablet":{"background-color":"var(--ast-global-color-4)","background-image":"","background-repeat":"repeat","background-position":"center center","background-size":"auto","background-attachment":"scroll","background-type":"","background-media":"","overlay-type":"","overlay-color":"","overlay-opacity":"","overlay-gradient":""},"mobile":{"background-color":"var(--ast-global-color-4)","background-image":"","background-repeat":"repeat","background-position":"center center","background-size":"auto","background-attachment":"scroll","background-type":"","background-media":"","overlay-type":"","overlay-color":"","overlay-opacity":"","overlay-gradient":""}},"footnotes":""},"categories":[1],"tags":[],"class_list":["post-4037","post","type-post","status-publish","format-standard","has-post-thumbnail","hentry","category-ultimas"],"_links":{"self":[{"href":"https:\/\/startrico.com.br\/noticias\/wp-json\/wp\/v2\/posts\/4037","targetHints":{"allow":["GET"]}}],"collection":[{"href":"https:\/\/startrico.com.br\/noticias\/wp-json\/wp\/v2\/posts"}],"about":[{"href":"https:\/\/startrico.com.br\/noticias\/wp-json\/wp\/v2\/types\/post"}],"author":[{"embeddable":true,"href":"https:\/\/startrico.com.br\/noticias\/wp-json\/wp\/v2\/users\/1"}],"replies":[{"embeddable":true,"href":"https:\/\/startrico.com.br\/noticias\/wp-json\/wp\/v2\/comments?post=4037"}],"version-history":[{"count":0,"href":"https:\/\/startrico.com.br\/noticias\/wp-json\/wp\/v2\/posts\/4037\/revisions"}],"wp:featuredmedia":[{"embeddable":true,"href":"https:\/\/startrico.com.br\/noticias\/wp-json\/wp\/v2\/media\/4036"}],"wp:attachment":[{"href":"https:\/\/startrico.com.br\/noticias\/wp-json\/wp\/v2\/media?parent=4037"}],"wp:term":[{"taxonomy":"category","embeddable":true,"href":"https:\/\/startrico.com.br\/noticias\/wp-json\/wp\/v2\/categories?post=4037"},{"taxonomy":"post_tag","embeddable":true,"href":"https:\/\/startrico.com.br\/noticias\/wp-json\/wp\/v2\/tags?post=4037"}],"curies":[{"name":"wp","href":"https:\/\/api.w.org\/{rel}","templated":true}]}}