{"id":4049,"date":"2026-02-17T07:25:43","date_gmt":"2026-02-17T10:25:43","guid":{"rendered":"https:\/\/startrico.com.br\/noticias\/falta-de-chips-de\/"},"modified":"2026-02-17T07:25:43","modified_gmt":"2026-02-17T10:25:43","slug":"falta-de-chips-de","status":"publish","type":"post","link":"https:\/\/startrico.com.br\/noticias\/falta-de-chips-de\/","title":{"rendered":"Falta De Chips De Mem\u00f3ria Eleva Pre\u00e7os De Eletr\u00f4nicos"},"content":{"rendered":"<h2>Escassez de chips de mem\u00f3ria eleva pre\u00e7os de celulares, computadores e consoles com tend\u00eancia de piora<\/h2>\n<p>O aumento expressivo no custo dos chips de mem\u00f3ria tem colocado as maiores fabricantes de eletr\u00f4nicos diante de escolhas dif\u00edceis: repassar o valor ao consumidor, suportar a redu\u00e7\u00e3o de suas margens ou diminuir as especifica\u00e7\u00f5es dos seus produtos.<\/p>\n<p>Essa crise \u00e9 consequ\u00eancia direta da crescente demanda global por intelig\u00eancia artificial, que requer centros de dados equipados com servidores que demandam enormes quantidades de mem\u00f3ria.<\/p>\n<p>Como efeito, a disponibilidade desses chips para produtores de smartphones, computadores pessoais, videogames e outros aparelhos eletr\u00f4nicos diminuiu significativamente, levando a uma escalada hist\u00f3rica de pre\u00e7os desde o in\u00edcio do ano passado \u2014 um aumento superior a ciclos anteriores.<\/p>\n<p>Fabricantes j\u00e1 est\u00e3o adotando medidas para lidar com essa situa\u00e7\u00e3o: a Dell reajustou alguns notebooks corporativos em at\u00e9 30%, enquanto a Acer reduziu a quantidade de mem\u00f3ria em seus PCs mais b\u00e1sicos. A Xiaomi acabou retirando do mercado a vers\u00e3o com menor capacidade de mem\u00f3ria do seu modelo intermedi\u00e1rio e aumentou o pre\u00e7o dos dispositivos. A LG Electronics tamb\u00e9m revisou para baixo as proje\u00e7\u00f5es de venda de televisores para 2026.<\/p>\n<p>Em apresenta\u00e7\u00e3o de resultados, a Lenovo destacou que o aumento &#8220;sem precedentes&#8221; do custo da mem\u00f3ria deve limitar a demanda por smartphones e computadores neste ano, e planeja compensar a retra\u00e7\u00e3o com reajustes, principalmente na linha premium.<\/p>\n<p>Esse cen\u00e1rio pode estar apenas come\u00e7ando. Gigantes como Apple, Nintendo e Samsung conseguem garantir grandes volumes de chips antecipadamente para se proteger de novas altas, mas seus estoques tamb\u00e9m s\u00e3o tempor\u00e1rios.<\/p>\n<p>Consequentemente, um ano que j\u00e1 se anunciava complicado para smartphones, computadores e consoles promete ficar ainda mais dif\u00edcil, com revis\u00f5es constantes para baixo nas previs\u00f5es globais de embarques.<\/p>\n<h3>Tipos de mem\u00f3ria e aumento de pre\u00e7os<\/h3>\n<p>Mem\u00f3ria \u00e9 um componente crucial na ind\u00fastria tecnol\u00f3gica e divide-se principalmente em dois tipos: a DRAM, que executa opera\u00e7\u00f5es imediatas como rodar aplicativos, e a NAND flash, respons\u00e1vel pelo armazenamento de dados como fotos e v\u00eddeos.<\/p>\n<p>Nos \u00faltimos 12 meses, os pre\u00e7os contratados da DRAM e da NAND aumentaram aproximadamente sete vezes, segundo a consultoria TrendForce.<\/p>\n<p>Com os investimentos em infraestrutura para intelig\u00eancia artificial ainda acelerados, especialistas indicam que a oferta continuar\u00e1 limitada pelo menos at\u00e9 2028.<\/p>\n<h3>Impactos na ind\u00fastria de eletr\u00f4nicos e cadeia produtiva<\/h3>\n<p>Esse momento \u00e9 especialmente delicado para o setor de eletr\u00f4nicos de consumo, que busca incorporar fun\u00e7\u00f5es de intelig\u00eancia artificial em seus produtos, mas enfrenta desafios por conta da press\u00e3o dos custos da mem\u00f3ria, aponta Bryan Ma, vice-presidente da consultoria IDC.<\/p>\n<p>Para garantir o funcionamento eficiente de modelos de IA em smartphones e PCs, \u00e9 necess\u00e1rio um aumento nas configura\u00e7\u00f5es de mem\u00f3ria, por\u00e9m, diante da alta dos pre\u00e7os, as empresas acabam tendo que optar por diminuir as especifica\u00e7\u00f5es de seus dispositivos.<\/p>\n<p>Computadores pessoais s\u00e3o particularmente sens\u00edveis, j\u00e1 que a mem\u00f3ria pode representar at\u00e9 30% do custo total de fabrica\u00e7\u00e3o.<\/p>\n<p>A Dell iniciou aumentos de pre\u00e7os em dezembro, ap\u00f3s alertar anteriormente que isso seria inevit\u00e1vel. Jeff Clarke, diretor de opera\u00e7\u00f5es da empresa, afirmou que o consumidor final ser\u00e1 impactado.<\/p>\n<p>Tim Cook, CEO da Apple, mencionou no \u00faltimo m\u00eas que o impacto nos resultados at\u00e9 agora tem sido limitado, mas dever\u00e1 aumentar, enfatizando que os pre\u00e7os da mem\u00f3ria continuam subindo de forma significativa.<\/p>\n<p>A Samsung confirmou que come\u00e7ou a sentir escassez de mem\u00f3ria para dispositivos m\u00f3veis no final do ano anterior, e espera um cen\u00e1rio desafiador ao longo de 2026, segundo Seong Cho, executivo da divis\u00e3o m\u00f3vel.<\/p>\n<p>Lu Weibing, presidente da Xiaomi, afirmou que os aumentos nos pre\u00e7os dos smartphones vieram para se consolidar. O novo topo de linha da empresa n\u00e3o conta mais com vers\u00e3o de 256 GB de armazenamento, oferecendo apenas uma op\u00e7\u00e3o com o dobro da capacidade, cerca de 70 d\u00f3lares mais cara que a anterior.<\/p>\n<p>Para fabricantes menores, que operam com margens estreitas, o aumento sistem\u00e1tico dos custos rompe com o modelo tradicional de oferecer mais especifica\u00e7\u00f5es por menor pre\u00e7o. Carl Pei, CEO da brit\u00e2nica Nothing, afirmou que essa l\u00f3gica j\u00e1 n\u00e3o \u00e9 vi\u00e1vel em 2026.<\/p>\n<p>Ap\u00f3s a Nintendo alertar que o custo da mem\u00f3ria pode pressionar as margens do console Switch 2, as a\u00e7\u00f5es da empresa ca\u00edram 11% no dia seguinte.<\/p>\n<h3>Repercuss\u00f5es para o mercado e al\u00e9m do varejo<\/h3>\n<p>Os efeitos se estendem para al\u00e9m das vendas no varejo. A Microsoft projeta uma queda de cerca de 10% nas vendas do Windows para fabricantes de PCs este ano, o que pode ser um indicativo da redu\u00e7\u00e3o na demanda.<\/p>\n<p>A Qualcomm, fabricante de chips para smartphones, aponta que o mercado permanece forte, mas aponta a insufici\u00eancia de mem\u00f3ria como ponto cr\u00edtico. Seu CEO, Cristiano Amon, afirmou: \u201cS\u00f3 gostar\u00edamos que houvesse mais mem\u00f3ria\u201d.<\/p>\n<p>Com a press\u00e3o cont\u00ednua na fabrica\u00e7\u00e3o de chips de mem\u00f3ria, as tend\u00eancias indicam que o setor de eletr\u00f4nicos ser\u00e1 desafiado a se adaptar a custos mais elevados e ajustes em suas ofertas at\u00e9 pelo menos o final da d\u00e9cada.<\/p>\n<p><a href=\"https:\/\/investnews.com.br\/the-wall-street-journal\/chips-memoria-crise-eletronicos\/\" target=\"_blank\" rel=\"noopener\">Fonte<\/a><\/p>\n","protected":false},"excerpt":{"rendered":"<p>Chips de mem\u00f3ria est\u00e3o em falta, elevando pre\u00e7os de celulares, PCs e videogames com impacto crescente no mercado global de eletr\u00f4nicos.<\/p>\n","protected":false},"author":1,"featured_media":4048,"comment_status":"open","ping_status":"open","sticky":false,"template":"","format":"standard","meta":{"site-sidebar-layout":"default","site-content-layout":"","ast-site-content-layout":"default","site-content-style":"default","site-sidebar-style":"default","ast-global-header-display":"","ast-banner-title-visibility":"","ast-main-header-display":"","ast-hfb-above-header-display":"","ast-hfb-below-header-display":"","ast-hfb-mobile-header-display":"","site-post-title":"","ast-breadcrumbs-content":"","ast-featured-img":"","footer-sml-layout":"","theme-transparent-header-meta":"","adv-header-id-meta":"","stick-header-meta":"","header-above-stick-meta":"","header-main-stick-meta":"","header-below-stick-meta":"","astra-migrate-meta-layouts":"default","ast-page-background-enabled":"default","ast-page-background-meta":{"desktop":{"background-color":"var(--ast-global-color-5)","background-image":"","background-repeat":"repeat","background-position":"center center","background-size":"auto","background-attachment":"scroll","background-type":"","background-media":"","overlay-type":"","overlay-color":"","overlay-opacity":"","overlay-gradient":""},"tablet":{"background-color":"","background-image":"","background-repeat":"repeat","background-position":"center center","background-size":"auto","background-attachment":"scroll","background-type":"","background-media":"","overlay-type":"","overlay-color":"","overlay-opacity":"","overlay-gradient":""},"mobile":{"background-color":"","background-image":"","background-repeat":"repeat","background-position":"center center","background-size":"auto","background-attachment":"scroll","background-type":"","background-media":"","overlay-type":"","overlay-color":"","overlay-opacity":"","overlay-gradient":""}},"ast-content-background-meta":{"desktop":{"background-color":"var(--ast-global-color-4)","background-image":"","background-repeat":"repeat","background-position":"center center","background-size":"auto","background-attachment":"scroll","background-type":"","background-media":"","overlay-type":"","overlay-color":"","overlay-opacity":"","overlay-gradient":""},"tablet":{"background-color":"var(--ast-global-color-4)","background-image":"","background-repeat":"repeat","background-position":"center center","background-size":"auto","background-attachment":"scroll","background-type":"","background-media":"","overlay-type":"","overlay-color":"","overlay-opacity":"","overlay-gradient":""},"mobile":{"background-color":"var(--ast-global-color-4)","background-image":"","background-repeat":"repeat","background-position":"center center","background-size":"auto","background-attachment":"scroll","background-type":"","background-media":"","overlay-type":"","overlay-color":"","overlay-opacity":"","overlay-gradient":""}},"footnotes":""},"categories":[1],"tags":[],"class_list":["post-4049","post","type-post","status-publish","format-standard","has-post-thumbnail","hentry","category-ultimas"],"_links":{"self":[{"href":"https:\/\/startrico.com.br\/noticias\/wp-json\/wp\/v2\/posts\/4049","targetHints":{"allow":["GET"]}}],"collection":[{"href":"https:\/\/startrico.com.br\/noticias\/wp-json\/wp\/v2\/posts"}],"about":[{"href":"https:\/\/startrico.com.br\/noticias\/wp-json\/wp\/v2\/types\/post"}],"author":[{"embeddable":true,"href":"https:\/\/startrico.com.br\/noticias\/wp-json\/wp\/v2\/users\/1"}],"replies":[{"embeddable":true,"href":"https:\/\/startrico.com.br\/noticias\/wp-json\/wp\/v2\/comments?post=4049"}],"version-history":[{"count":0,"href":"https:\/\/startrico.com.br\/noticias\/wp-json\/wp\/v2\/posts\/4049\/revisions"}],"wp:featuredmedia":[{"embeddable":true,"href":"https:\/\/startrico.com.br\/noticias\/wp-json\/wp\/v2\/media\/4048"}],"wp:attachment":[{"href":"https:\/\/startrico.com.br\/noticias\/wp-json\/wp\/v2\/media?parent=4049"}],"wp:term":[{"taxonomy":"category","embeddable":true,"href":"https:\/\/startrico.com.br\/noticias\/wp-json\/wp\/v2\/categories?post=4049"},{"taxonomy":"post_tag","embeddable":true,"href":"https:\/\/startrico.com.br\/noticias\/wp-json\/wp\/v2\/tags?post=4049"}],"curies":[{"name":"wp","href":"https:\/\/api.w.org\/{rel}","templated":true}]}}