{"id":4055,"date":"2026-02-17T07:41:03","date_gmt":"2026-02-17T10:41:03","guid":{"rendered":"https:\/\/startrico.com.br\/noticias\/ibovespa-b3-recuo-leve\/"},"modified":"2026-02-17T07:41:03","modified_gmt":"2026-02-17T10:41:03","slug":"ibovespa-b3-recuo-leve","status":"publish","type":"post","link":"https:\/\/startrico.com.br\/noticias\/ibovespa-b3-recuo-leve\/","title":{"rendered":"Ibovespa B3 Recuo Leve Antes do Feriado Com Alta Semanal"},"content":{"rendered":"<h2>Ibovespa tem queda moderada antes do feriado, mas fecha semana em alta de 1,92%; d\u00f3lar avan\u00e7a a R$ 5,22<\/h2>\n<p>Na \u00faltima sexta-feira (13), o Ibovespa apresentou queda em meio a um clima de prud\u00eancia t\u00edpico de v\u00e9spera de feriado, encerrando o preg\u00e3o aos 186.464,30 pontos, redu\u00e7\u00e3o de 0,69% em rela\u00e7\u00e3o ao fechamento anterior. Apesar dessa retra\u00e7\u00e3o di\u00e1ria, o principal \u00edndice da Bolsa brasileira acumulou uma alta semanal de 1,92% antes do Carnaval.<\/p>\n<p>O \u00edndice oscilou ao longo do dia entre uma m\u00e1xima de 187.765,82 pontos e uma m\u00ednima de 183.662,18 pontos, com volume de neg\u00f3cios na B3 somando R$ 33,4 bilh\u00f5es.<\/p>\n<h3>Contexto e motivos do movimento<\/h3>\n<p>Os investidores demonstraram cautela nesta v\u00e9spera de feriado prolongado, quando a B3 ficar\u00e1 fechada por quatro dias, o que normalmente reduz o apetite por risco e leva a ajustes nas posi\u00e7\u00f5es para minimizar exposi\u00e7\u00e3o.<\/p>\n<p>Al\u00e9m disso, o Ibovespa sentiu o impacto da queda nos pre\u00e7os do min\u00e9rio de ferro e do petr\u00f3leo, afetando empresas de grande peso no \u00edndice, como a Vale e a Petrobras.<\/p>\n<p>Tamb\u00e9m chamou aten\u00e7\u00e3o a queda nas vendas do com\u00e9rcio brasileiro em dezembro, que retraiu 0,4% em rela\u00e7\u00e3o a novembro \u2014 m\u00eas que teve alta de 1%. Ainda assim, o varejo apresentou crescimento de 1,6% em 2025, abaixo do avan\u00e7o de 4,1% registrado no ano anterior.<\/p>\n<p>Segundo Christian Iarussi, economista e s\u00f3cio da The Hill Capital, o ajuste de posi\u00e7\u00f5es diante do feriado prolongado combinado \u00e0 desacelera\u00e7\u00e3o nos setores de commodities foram os principais respons\u00e1veis pela queda do Ibovespa no dia.<\/p>\n<h3>Principais desempenhos no preg\u00e3o<\/h3>\n<p><strong>Maiores altas do dia:<\/strong><\/p>\n<ul class=\"myul\">\n<li>ENEV3: +8,21%, cota\u00e7\u00e3o a R$ 21,43<\/li>\n<li>USIM5: +4,81%, cota\u00e7\u00e3o a R$ 6,32<\/li>\n<li>CURY3: +3,70%, cota\u00e7\u00e3o a R$ 40,88<\/li>\n<li>RECV3: +2,63%, cota\u00e7\u00e3o a R$ 10,91<\/li>\n<li>BRKM5: +2,39%, cota\u00e7\u00e3o a R$ 9,84<\/li>\n<\/ul>\n<p><strong>Maiores quedas do dia:<\/strong><\/p>\n<ul class=\"myul\">\n<li>TIMS3: -3,92%, cota\u00e7\u00e3o a R$ 27,18<\/li>\n<li>GOAU4: -3,68%, cota\u00e7\u00e3o a R$ 9,68<\/li>\n<li>BRAP4: -3,65%, cota\u00e7\u00e3o a R$ 23,75<\/li>\n<li>RAIZ4: -2,99%, cota\u00e7\u00e3o a R$ 0,65<\/li>\n<\/ul>\n<h3>Desempenho do d\u00f3lar<\/h3>\n<p>O d\u00f3lar tamb\u00e9m respondeu \u00e0 avers\u00e3o ao risco no ambiente pr\u00e9-feriado com alta frente ao real. No fechamento do dia, a moeda americana subiu 0,57%, alcan\u00e7ando R$ 5,22.<\/p>\n<p>Paula Zogbi, estrategista-chefe da Nomad, destacou que o avan\u00e7o do d\u00f3lar reflete a cautela dos investidores e o notici\u00e1rio local, inclusive com novidades sobre o caso Banco Master e o envolvimento de diferentes agentes no caso.<\/p>\n<h3>Mercados internacionais<\/h3>\n<p>Nas bolsas de Nova York, o pessimismo relacionado \u00e0s empresas de tecnologia \u2014 em especial quanto aos efeitos da intelig\u00eancia artificial nos balan\u00e7os \u2014 amainou levemente, mas n\u00e3o conseguiu evitar que os \u00edndices fechassem a semana com resultado negativo. Ao final do preg\u00e3o de sexta-feira, o Dow Jones subiu 0,05%, o S&#038;P 500 recuou 0,01% e o Nasdaq caiu 0,26%.<\/p>\n<p><a href=\"https:\/\/borainvestir.b3.com.br\/noticias\/mercado\/ibovespa-b3-recua-com-cautela-pre-feriado-mas-fecha-semana-com-192-dolar-vai-a-r-522\/\" target=\"_blank\" rel=\"noopener\">Fonte<\/a><\/p>\n","protected":false},"excerpt":{"rendered":"<p>Ibovespa B3 registrou queda antes do feriado e fechou a semana com alta de 1,92%. O d\u00f3lar subiu a R$ 5,22 refletindo cautela dos investidores.<\/p>\n","protected":false},"author":1,"featured_media":4054,"comment_status":"open","ping_status":"open","sticky":false,"template":"","format":"standard","meta":{"site-sidebar-layout":"default","site-content-layout":"","ast-site-content-layout":"default","site-content-style":"default","site-sidebar-style":"default","ast-global-header-display":"","ast-banner-title-visibility":"","ast-main-header-display":"","ast-hfb-above-header-display":"","ast-hfb-below-header-display":"","ast-hfb-mobile-header-display":"","site-post-title":"","ast-breadcrumbs-content":"","ast-featured-img":"","footer-sml-layout":"","theme-transparent-header-meta":"","adv-header-id-meta":"","stick-header-meta":"","header-above-stick-meta":"","header-main-stick-meta":"","header-below-stick-meta":"","astra-migrate-meta-layouts":"default","ast-page-background-enabled":"default","ast-page-background-meta":{"desktop":{"background-color":"var(--ast-global-color-5)","background-image":"","background-repeat":"repeat","background-position":"center center","background-size":"auto","background-attachment":"scroll","background-type":"","background-media":"","overlay-type":"","overlay-color":"","overlay-opacity":"","overlay-gradient":""},"tablet":{"background-color":"","background-image":"","background-repeat":"repeat","background-position":"center center","background-size":"auto","background-attachment":"scroll","background-type":"","background-media":"","overlay-type":"","overlay-color":"","overlay-opacity":"","overlay-gradient":""},"mobile":{"background-color":"","background-image":"","background-repeat":"repeat","background-position":"center center","background-size":"auto","background-attachment":"scroll","background-type":"","background-media":"","overlay-type":"","overlay-color":"","overlay-opacity":"","overlay-gradient":""}},"ast-content-background-meta":{"desktop":{"background-color":"var(--ast-global-color-4)","background-image":"","background-repeat":"repeat","background-position":"center center","background-size":"auto","background-attachment":"scroll","background-type":"","background-media":"","overlay-type":"","overlay-color":"","overlay-opacity":"","overlay-gradient":""},"tablet":{"background-color":"var(--ast-global-color-4)","background-image":"","background-repeat":"repeat","background-position":"center center","background-size":"auto","background-attachment":"scroll","background-type":"","background-media":"","overlay-type":"","overlay-color":"","overlay-opacity":"","overlay-gradient":""},"mobile":{"background-color":"var(--ast-global-color-4)","background-image":"","background-repeat":"repeat","background-position":"center center","background-size":"auto","background-attachment":"scroll","background-type":"","background-media":"","overlay-type":"","overlay-color":"","overlay-opacity":"","overlay-gradient":""}},"footnotes":""},"categories":[1],"tags":[],"class_list":["post-4055","post","type-post","status-publish","format-standard","has-post-thumbnail","hentry","category-ultimas"],"_links":{"self":[{"href":"https:\/\/startrico.com.br\/noticias\/wp-json\/wp\/v2\/posts\/4055","targetHints":{"allow":["GET"]}}],"collection":[{"href":"https:\/\/startrico.com.br\/noticias\/wp-json\/wp\/v2\/posts"}],"about":[{"href":"https:\/\/startrico.com.br\/noticias\/wp-json\/wp\/v2\/types\/post"}],"author":[{"embeddable":true,"href":"https:\/\/startrico.com.br\/noticias\/wp-json\/wp\/v2\/users\/1"}],"replies":[{"embeddable":true,"href":"https:\/\/startrico.com.br\/noticias\/wp-json\/wp\/v2\/comments?post=4055"}],"version-history":[{"count":0,"href":"https:\/\/startrico.com.br\/noticias\/wp-json\/wp\/v2\/posts\/4055\/revisions"}],"wp:featuredmedia":[{"embeddable":true,"href":"https:\/\/startrico.com.br\/noticias\/wp-json\/wp\/v2\/media\/4054"}],"wp:attachment":[{"href":"https:\/\/startrico.com.br\/noticias\/wp-json\/wp\/v2\/media?parent=4055"}],"wp:term":[{"taxonomy":"category","embeddable":true,"href":"https:\/\/startrico.com.br\/noticias\/wp-json\/wp\/v2\/categories?post=4055"},{"taxonomy":"post_tag","embeddable":true,"href":"https:\/\/startrico.com.br\/noticias\/wp-json\/wp\/v2\/tags?post=4055"}],"curies":[{"name":"wp","href":"https:\/\/api.w.org\/{rel}","templated":true}]}}