{"id":4059,"date":"2026-02-17T07:56:04","date_gmt":"2026-02-17T10:56:04","guid":{"rendered":"https:\/\/startrico.com.br\/noticias\/governo-reajusta-precoteto-de-2\/"},"modified":"2026-02-17T07:56:04","modified_gmt":"2026-02-17T10:56:04","slug":"governo-reajusta-precoteto-de-2","status":"publish","type":"post","link":"https:\/\/startrico.com.br\/noticias\/governo-reajusta-precoteto-de-2\/","title":{"rendered":"Governo Reajusta Pre\u00e7o-Teto de Leil\u00e3o de Reserva de Energia"},"content":{"rendered":"<h2>Governo atualiza pre\u00e7o-teto do leil\u00e3o de reserva de energia<\/h2>\n<p>O Minist\u00e9rio de Minas e Energia (MME) anunciou na sexta-feira, 13 de fevereiro de 2026, o reajuste dos pre\u00e7os m\u00e1ximos do leil\u00e3o de reserva de capacidade energ\u00e9tica, que est\u00e1 agendado para ocorrer em abril deste ano. A revis\u00e3o foi feita ap\u00f3s questionamentos de diversos agentes do mercado acerca dos valores originais adotados na modelagem inicial do certame.<\/p>\n<p>A decis\u00e3o foi anunciada depois de um processo de di\u00e1logo institucional com o setor, e as informa\u00e7\u00f5es foram encaminhadas \u00e0 Ag\u00eancia Nacional de Energia El\u00e9trica (Aneel), \u00f3rg\u00e3o regulador respons\u00e1vel. Apesar da altera\u00e7\u00e3o, o cronograma do leil\u00e3o permanece inalterado, mantendo a data prevista para abril.<\/p>\n<p>No dia 11 de fevereiro, o ministro Alexandre Silveira comentou que o governo percebeu diverg\u00eancias entre os dados utilizados na defini\u00e7\u00e3o dos pre\u00e7os-teto e a real demanda do mercado. Embora a metodologia para estabelecer os pre\u00e7os tenha sido mantida, houve ajustes t\u00e9cnicos na estrutura dos custos e uma revis\u00e3o nas proje\u00e7\u00f5es de investimentos necess\u00e1rios para a manuten\u00e7\u00e3o das usinas geradoras.<\/p>\n<p>O objetivo do reajuste \u00e9 evitar poss\u00edveis distor\u00e7\u00f5es que possam comprometer a atratividade do leil\u00e3o, assegurando a seguran\u00e7a energ\u00e9tica do pa\u00eds, promovendo uma competi\u00e7\u00e3o efetiva no processo e garantindo a previsibilidade regulat\u00f3ria, com responsabilidade para os consumidores, conforme ressaltou o ministro Alexandre Silveira.<\/p>\n<p>Inicialmente, o leil\u00e3o estava previsto para 2023, mas foi suspenso devido a disputas judiciais que questionaram tanto a modelagem adotada quanto as regras concorrenciais. Posteriormente, o certame foi remarcado para abril de 2026. Os processos legais tamb\u00e9m contestaram crit\u00e9rios de participa\u00e7\u00e3o e par\u00e2metros econ\u00f4micos estipulados no edital.<\/p>\n<p>Os leil\u00f5es de reserva t\u00eam a finalidade de fortalecer a confiabilidade do sistema el\u00e9trico nacional. Relat\u00f3rios da Empresa de Pesquisa Energ\u00e9tica (EPE) apontam que o crescimento da participa\u00e7\u00e3o de fontes intermitentes, como solar e e\u00f3lica, cujo fornecimento varia conforme as condi\u00e7\u00f5es clim\u00e1ticas, aumenta a necessidade de contrata\u00e7\u00e3o de usinas de reserva, como as termel\u00e9tricas. Essas usinas operam sob demanda para garantir a estabilidade do fornecimento el\u00e9trico.<\/p>\n<p><a href=\"https:\/\/exame.com\/economia\/governo-anuncia-reajuste-do-preco-teto-de-leilao-de-reserva-de-energia\/\" target=\"_blank\" rel=\"noopener\">Fonte<\/a><\/p>\n","protected":false},"excerpt":{"rendered":"<p>Pre\u00e7o-teto de leil\u00e3o de reserva de energia \u00e9 reajustado pelo governo para assegurar estabilidade no fornecimento e competitividade no mercado.<\/p>\n","protected":false},"author":1,"featured_media":4058,"comment_status":"open","ping_status":"open","sticky":false,"template":"","format":"standard","meta":{"site-sidebar-layout":"default","site-content-layout":"","ast-site-content-layout":"default","site-content-style":"default","site-sidebar-style":"default","ast-global-header-display":"","ast-banner-title-visibility":"","ast-main-header-display":"","ast-hfb-above-header-display":"","ast-hfb-below-header-display":"","ast-hfb-mobile-header-display":"","site-post-title":"","ast-breadcrumbs-content":"","ast-featured-img":"","footer-sml-layout":"","theme-transparent-header-meta":"","adv-header-id-meta":"","stick-header-meta":"","header-above-stick-meta":"","header-main-stick-meta":"","header-below-stick-meta":"","astra-migrate-meta-layouts":"default","ast-page-background-enabled":"default","ast-page-background-meta":{"desktop":{"background-color":"var(--ast-global-color-5)","background-image":"","background-repeat":"repeat","background-position":"center center","background-size":"auto","background-attachment":"scroll","background-type":"","background-media":"","overlay-type":"","overlay-color":"","overlay-opacity":"","overlay-gradient":""},"tablet":{"background-color":"","background-image":"","background-repeat":"repeat","background-position":"center center","background-size":"auto","background-attachment":"scroll","background-type":"","background-media":"","overlay-type":"","overlay-color":"","overlay-opacity":"","overlay-gradient":""},"mobile":{"background-color":"","background-image":"","background-repeat":"repeat","background-position":"center center","background-size":"auto","background-attachment":"scroll","background-type":"","background-media":"","overlay-type":"","overlay-color":"","overlay-opacity":"","overlay-gradient":""}},"ast-content-background-meta":{"desktop":{"background-color":"var(--ast-global-color-4)","background-image":"","background-repeat":"repeat","background-position":"center center","background-size":"auto","background-attachment":"scroll","background-type":"","background-media":"","overlay-type":"","overlay-color":"","overlay-opacity":"","overlay-gradient":""},"tablet":{"background-color":"var(--ast-global-color-4)","background-image":"","background-repeat":"repeat","background-position":"center center","background-size":"auto","background-attachment":"scroll","background-type":"","background-media":"","overlay-type":"","overlay-color":"","overlay-opacity":"","overlay-gradient":""},"mobile":{"background-color":"var(--ast-global-color-4)","background-image":"","background-repeat":"repeat","background-position":"center center","background-size":"auto","background-attachment":"scroll","background-type":"","background-media":"","overlay-type":"","overlay-color":"","overlay-opacity":"","overlay-gradient":""}},"footnotes":""},"categories":[1],"tags":[],"class_list":["post-4059","post","type-post","status-publish","format-standard","has-post-thumbnail","hentry","category-ultimas"],"_links":{"self":[{"href":"https:\/\/startrico.com.br\/noticias\/wp-json\/wp\/v2\/posts\/4059","targetHints":{"allow":["GET"]}}],"collection":[{"href":"https:\/\/startrico.com.br\/noticias\/wp-json\/wp\/v2\/posts"}],"about":[{"href":"https:\/\/startrico.com.br\/noticias\/wp-json\/wp\/v2\/types\/post"}],"author":[{"embeddable":true,"href":"https:\/\/startrico.com.br\/noticias\/wp-json\/wp\/v2\/users\/1"}],"replies":[{"embeddable":true,"href":"https:\/\/startrico.com.br\/noticias\/wp-json\/wp\/v2\/comments?post=4059"}],"version-history":[{"count":0,"href":"https:\/\/startrico.com.br\/noticias\/wp-json\/wp\/v2\/posts\/4059\/revisions"}],"wp:featuredmedia":[{"embeddable":true,"href":"https:\/\/startrico.com.br\/noticias\/wp-json\/wp\/v2\/media\/4058"}],"wp:attachment":[{"href":"https:\/\/startrico.com.br\/noticias\/wp-json\/wp\/v2\/media?parent=4059"}],"wp:term":[{"taxonomy":"category","embeddable":true,"href":"https:\/\/startrico.com.br\/noticias\/wp-json\/wp\/v2\/categories?post=4059"},{"taxonomy":"post_tag","embeddable":true,"href":"https:\/\/startrico.com.br\/noticias\/wp-json\/wp\/v2\/tags?post=4059"}],"curies":[{"name":"wp","href":"https:\/\/api.w.org\/{rel}","templated":true}]}}