{"id":4095,"date":"2026-02-19T07:40:45","date_gmt":"2026-02-19T10:40:45","guid":{"rendered":"https:\/\/startrico.com.br\/noticias\/ibovespa-recuo-leve-influenciado\/"},"modified":"2026-02-19T07:40:45","modified_gmt":"2026-02-19T10:40:45","slug":"ibovespa-recuo-leve-influenciado","status":"publish","type":"post","link":"https:\/\/startrico.com.br\/noticias\/ibovespa-recuo-leve-influenciado\/","title":{"rendered":"Ibovespa Recuo Leve Influenciado Pela Queda das A\u00e7\u00f5es da Vale"},"content":{"rendered":"<h2>Ibovespa recua 0,24% com impacto da queda das a\u00e7\u00f5es da Vale; d\u00f3lar atinge R$ 5,24<\/h2>\n<p>O Ibovespa, principal \u00edndice da B3, iniciou a semana ap\u00f3s o Carnaval com queda, em um preg\u00e3o de curta dura\u00e7\u00e3o nesta Quarta-feira de Cinzas (18). O indicador finalizou o dia com desvaloriza\u00e7\u00e3o de 0,24%, fechando em 186.016,31 pontos.<\/p>\n<p>As a\u00e7\u00f5es da Vale (VALE3) foram as que mais influenciaram na baixa do \u00edndice, apresentando uma queda de 3,57%, reflexo da diminui\u00e7\u00e3o no pre\u00e7o do min\u00e9rio de ferro durante o feriado no Brasil.<\/p>\n<p>No cen\u00e1rio dom\u00e9stico, o mercado ainda digeria os dados do Boletim Focus divulgados neste dia, que indicaram mais um ajuste para baixo na proje\u00e7\u00e3o da infla\u00e7\u00e3o em 2026. O Banco Central divulgou que a expectativa para a alta do IPCA neste ano caiu para 3,95%, ante os 3,97% da semana anterior.<\/p>\n<h3>Desempenho do Ibovespa no preg\u00e3o<\/h3>\n<p>Durante o dia, o Ibovespa oscilou entre uma m\u00e1xima de 187.656,93 pontos e uma m\u00ednima de 185.000,96 pontos, registrando volume financeiro negociado de R$ 23,9 bilh\u00f5es.<\/p>\n<p>As maiores varia\u00e7\u00f5es positivas e negativas do dia foram as seguintes:<\/p>\n<p><strong>Principais altas:<\/strong><\/p>\n<table>\n<thead>\n<tr>\n<th>Ticker<\/th>\n<th>Varia\u00e7\u00e3o (%)<\/th>\n<th>Pre\u00e7o (R$)<\/th>\n<\/tr>\n<\/thead>\n<tbody>\n<tr>\n<td>RAIZ4<\/td>\n<td>6,35<\/td>\n<td>0,67<\/td>\n<\/tr>\n<tr>\n<td>RECV3<\/td>\n<td>3,59<\/td>\n<td>11,24<\/td>\n<\/tr>\n<tr>\n<td>CSAN3<\/td>\n<td>2,94<\/td>\n<td>6,30<\/td>\n<\/tr>\n<tr>\n<td>CYRE3<\/td>\n<td>2,87<\/td>\n<td>31,52<\/td>\n<\/tr>\n<tr>\n<td>BRAV3<\/td>\n<td>2,54<\/td>\n<td>18,14<\/td>\n<\/tr>\n<\/tbody>\n<\/table>\n<p><strong>Principais baixas:<\/strong><\/p>\n<table>\n<thead>\n<tr>\n<th>Ticker<\/th>\n<th>Varia\u00e7\u00e3o (%)<\/th>\n<th>Pre\u00e7o (R$)<\/th>\n<\/tr>\n<\/thead>\n<tbody>\n<tr>\n<td>PCAR3<\/td>\n<td>-4,55<\/td>\n<td>3,36<\/td>\n<\/tr>\n<tr>\n<td>VALE3<\/td>\n<td>-3,57<\/td>\n<td>83,92<\/td>\n<\/tr>\n<tr>\n<td>IRBR3<\/td>\n<td>-3,03<\/td>\n<td>57,52<\/td>\n<\/tr>\n<tr>\n<td>HAPV3<\/td>\n<td>-2,69<\/td>\n<td>10,12<\/td>\n<\/tr>\n<tr>\n<td>ASAI3<\/td>\n<td>-2,63<\/td>\n<td>9,64<\/td>\n<\/tr>\n<\/tbody>\n<\/table>\n<h3>Cota\u00e7\u00e3o do d\u00f3lar e influ\u00eancia da ata do FOMC<\/h3>\n<p>O c\u00e2mbio tamb\u00e9m foi impactado pela divulga\u00e7\u00e3o da ata do FOMC, o comit\u00ea de pol\u00edtica monet\u00e1ria do Federal Reserve norte-americano. No encerramento do preg\u00e3o, o d\u00f3lar comercial fechou em alta de 0,22%, cotado a R$ 5,24.<\/p>\n<p>De acordo com Bruno Shahini, especialista em investimentos da Nomad, a percep\u00e7\u00e3o predominante \u00e9 de que eventuais cortes na taxa de juros dos EUA dependem de uma desacelera\u00e7\u00e3o mais significativa da infla\u00e7\u00e3o, o que fortaleceu o d\u00f3lar frente ao real e outras moedas globais.<\/p>\n<h3>Desempenho das bolsas em Nova York<\/h3>\n<p>Nas bolsas norte-americanas, as preocupa\u00e7\u00f5es com o setor de tecnologia diminu\u00edram, mas um tom mais cauteloso indicado pelo Fed limitou ganhos expressivos. Assim, o Dow Jones apresentou alta de 0,26%, o S&#038;P 500 subiu 0,56%, e o Nasdaq obteve valoriza\u00e7\u00e3o de 0,78%.<\/p>\n<p><a href=\"https:\/\/borainvestir.b3.com.br\/noticias\/mercado\/ibovespa-b3-recua-024-pressionado-por-queda-da-vale-vale3-dolar-vai-a-r-524\/\" target=\"_blank\" rel=\"noopener\">Fonte<\/a><\/p>\n","protected":false},"excerpt":{"rendered":"<p>Ibovespa recua 0,24%, influenciado pela queda das a\u00e7\u00f5es da Vale e alta do d\u00f3lar a R$ 5,24. Saiba os detalhes do preg\u00e3o e impacto no mercado.<\/p>\n","protected":false},"author":1,"featured_media":4094,"comment_status":"open","ping_status":"open","sticky":false,"template":"","format":"standard","meta":{"site-sidebar-layout":"default","site-content-layout":"","ast-site-content-layout":"default","site-content-style":"default","site-sidebar-style":"default","ast-global-header-display":"","ast-banner-title-visibility":"","ast-main-header-display":"","ast-hfb-above-header-display":"","ast-hfb-below-header-display":"","ast-hfb-mobile-header-display":"","site-post-title":"","ast-breadcrumbs-content":"","ast-featured-img":"","footer-sml-layout":"","theme-transparent-header-meta":"","adv-header-id-meta":"","stick-header-meta":"","header-above-stick-meta":"","header-main-stick-meta":"","header-below-stick-meta":"","astra-migrate-meta-layouts":"default","ast-page-background-enabled":"default","ast-page-background-meta":{"desktop":{"background-color":"var(--ast-global-color-5)","background-image":"","background-repeat":"repeat","background-position":"center center","background-size":"auto","background-attachment":"scroll","background-type":"","background-media":"","overlay-type":"","overlay-color":"","overlay-opacity":"","overlay-gradient":""},"tablet":{"background-color":"","background-image":"","background-repeat":"repeat","background-position":"center center","background-size":"auto","background-attachment":"scroll","background-type":"","background-media":"","overlay-type":"","overlay-color":"","overlay-opacity":"","overlay-gradient":""},"mobile":{"background-color":"","background-image":"","background-repeat":"repeat","background-position":"center center","background-size":"auto","background-attachment":"scroll","background-type":"","background-media":"","overlay-type":"","overlay-color":"","overlay-opacity":"","overlay-gradient":""}},"ast-content-background-meta":{"desktop":{"background-color":"var(--ast-global-color-4)","background-image":"","background-repeat":"repeat","background-position":"center center","background-size":"auto","background-attachment":"scroll","background-type":"","background-media":"","overlay-type":"","overlay-color":"","overlay-opacity":"","overlay-gradient":""},"tablet":{"background-color":"var(--ast-global-color-4)","background-image":"","background-repeat":"repeat","background-position":"center center","background-size":"auto","background-attachment":"scroll","background-type":"","background-media":"","overlay-type":"","overlay-color":"","overlay-opacity":"","overlay-gradient":""},"mobile":{"background-color":"var(--ast-global-color-4)","background-image":"","background-repeat":"repeat","background-position":"center center","background-size":"auto","background-attachment":"scroll","background-type":"","background-media":"","overlay-type":"","overlay-color":"","overlay-opacity":"","overlay-gradient":""}},"footnotes":""},"categories":[1],"tags":[],"class_list":["post-4095","post","type-post","status-publish","format-standard","has-post-thumbnail","hentry","category-ultimas"],"_links":{"self":[{"href":"https:\/\/startrico.com.br\/noticias\/wp-json\/wp\/v2\/posts\/4095","targetHints":{"allow":["GET"]}}],"collection":[{"href":"https:\/\/startrico.com.br\/noticias\/wp-json\/wp\/v2\/posts"}],"about":[{"href":"https:\/\/startrico.com.br\/noticias\/wp-json\/wp\/v2\/types\/post"}],"author":[{"embeddable":true,"href":"https:\/\/startrico.com.br\/noticias\/wp-json\/wp\/v2\/users\/1"}],"replies":[{"embeddable":true,"href":"https:\/\/startrico.com.br\/noticias\/wp-json\/wp\/v2\/comments?post=4095"}],"version-history":[{"count":0,"href":"https:\/\/startrico.com.br\/noticias\/wp-json\/wp\/v2\/posts\/4095\/revisions"}],"wp:featuredmedia":[{"embeddable":true,"href":"https:\/\/startrico.com.br\/noticias\/wp-json\/wp\/v2\/media\/4094"}],"wp:attachment":[{"href":"https:\/\/startrico.com.br\/noticias\/wp-json\/wp\/v2\/media?parent=4095"}],"wp:term":[{"taxonomy":"category","embeddable":true,"href":"https:\/\/startrico.com.br\/noticias\/wp-json\/wp\/v2\/categories?post=4095"},{"taxonomy":"post_tag","embeddable":true,"href":"https:\/\/startrico.com.br\/noticias\/wp-json\/wp\/v2\/tags?post=4095"}],"curies":[{"name":"wp","href":"https:\/\/api.w.org\/{rel}","templated":true}]}}