{"id":4107,"date":"2026-02-20T07:16:19","date_gmt":"2026-02-20T10:16:19","guid":{"rendered":"https:\/\/startrico.com.br\/noticias\/corte-de-juros-em\/"},"modified":"2026-02-20T07:16:19","modified_gmt":"2026-02-20T10:16:19","slug":"corte-de-juros-em","status":"publish","type":"post","link":"https:\/\/startrico.com.br\/noticias\/corte-de-juros-em\/","title":{"rendered":"Corte De Juros Em Junho: Fed Mant\u00e9m Cautela E Alerta Mercado"},"content":{"rendered":"<h2>Fed adota postura cautelosa e mercado questiona poss\u00edvel corte de juros em junho<\/h2>\n<p>A ata da reuni\u00e3o de janeiro do Federal Reserve refor\u00e7ou o tom prudente da autoridade monet\u00e1ria dos EUA, destacando que a infla\u00e7\u00e3o permanece acima da meta estipulada, e que a trajet\u00f3ria para a redu\u00e7\u00e3o dos pre\u00e7os pode ser mais lenta e irregular do que o previsto inicialmente.<\/p>\n<p>Esse posicionamento demonstra que o comit\u00ea prefere aguardar evid\u00eancias mais s\u00f3lidas antes de implementar altera\u00e7\u00f5es na taxa de juros. Apesar da decis\u00e3o de manter a faixa entre 3,5% e 3,75%, a comunica\u00e7\u00e3o deixou claro que a pol\u00edtica monet\u00e1ria n\u00e3o est\u00e1 definida antecipadamente, ressaltando que, caso a infla\u00e7\u00e3o piore, ajustes para cima nas taxas podem ser necess\u00e1rios.<\/p>\n<p>Bruno Shahini, especialista em investimentos da Nomad, observa que a ata reflete a atual incerteza, muito influenciada pelos impactos das tarifas comerciais impostas pelo governo Trump, que afetam os pre\u00e7os. Segundo ele, o Banco Central americano tem adotado uma postura mais conservadora diante desse cen\u00e1rio delicado.<\/p>\n<p>Shahini explica que o Fed analisa o equil\u00edbrio entre fatores deflacion\u00e1rios e inflacion\u00e1rios, apontando que a conjuntura \u00e9 um pouco desfavor\u00e1vel para desacelerar a infla\u00e7\u00e3o, raz\u00e3o pela qual as decis\u00f5es permanecem condicionadas aos dados econ\u00f4micos.<\/p>\n<h2>Infla\u00e7\u00e3o continua como principal desafio para o Fed<\/h2>\n<p>A ata enfatiza que, embora tenha ocorrido alguma desinfla\u00e7\u00e3o desde os n\u00edveis mais elevados em 2022, os pre\u00e7os seguem acima dos 2%, meta inflacion\u00e1ria do Fed. O risco de mantermos uma infla\u00e7\u00e3o persistentemente alta ainda \u00e9 significativo.<\/p>\n<p>O relat\u00f3rio tamb\u00e9m destaca que o aumento recente nos pre\u00e7os teve impacto do setor de bens, influenciado pelas tarifas, enquanto o segmento de servi\u00e7os, especialmente o de habita\u00e7\u00e3o, tem mostrado desacelera\u00e7\u00e3o mais lenta.<\/p>\n<p>O especialista da Nomad ressalta o dilema do Fed em equilibrar seu mandato duplo, que envolve controlar a infla\u00e7\u00e3o e manter o pleno emprego. Embora a infla\u00e7\u00e3o permane\u00e7a elevada, o mercado de trabalho mostra sinais de enfraquecimento, ainda que a taxa de desemprego continue baixa, pr\u00f3xima a 4,4%. Nessa situa\u00e7\u00e3o, cortar juros poderia estimular a economia, mas isso conflita com a necessidade de controlar os pre\u00e7os.<\/p>\n<p>Shahini comenta que 2025 foi o quarto ano consecutivo em que o Fed n\u00e3o alcan\u00e7ou a meta de infla\u00e7\u00e3o, momento que tradicionalmente exige taxas de juros mais altas para moderar a atividade econ\u00f4mica, um contraponto ao objetivo de pleno emprego.<\/p>\n<h2>Impactos das tarifas e riscos inflacion\u00e1rios<\/h2>\n<p>O documento reconhece ainda os desafios econ\u00f4micos e pol\u00edticos que dificultam o processo de redu\u00e7\u00e3o da infla\u00e7\u00e3o. As pol\u00edticas do governo Trump, vistas como choques, complicam as proje\u00e7\u00f5es do Fed, afetando tanto a oferta quanto a demanda agregada.<\/p>\n<p>As tarifas elevam os custos de bens, o que se traduz em pre\u00e7os mais altos para os consumidores. Por outro lado, est\u00edmulos fiscais aumentam a demanda, impulsionando o consumo. Ademais, as restri\u00e7\u00f5es migrat\u00f3rias t\u00eam limitado a oferta de trabalho em uma economia ainda aquecida, pressionando sal\u00e1rios e custos de produ\u00e7\u00e3o.<\/p>\n<p>Diante desse cen\u00e1rio, o risco de nova acelera\u00e7\u00e3o ou repique inflacion\u00e1rio permanece presente no radar do Fed.<\/p>\n<h2>Perspectivas para os pr\u00f3ximos meses<\/h2>\n<p>O mercado come\u00e7a a antecipar o in\u00edcio da flexibiliza\u00e7\u00e3o monet\u00e1ria, embora n\u00e3o espere mudan\u00e7as para a reuni\u00e3o de mar\u00e7o. Segundo a ferramenta FedWatch do CME Group, h\u00e1 94,1% de chances de manuten\u00e7\u00e3o da taxa atual e apenas 5,9% de possibilidade de corte.<\/p>\n<p>No entanto, Shahini destaca que os investidores j\u00e1 precificam um corte total de 50 pontos-base ao longo do ano, dividido em duas redu\u00e7\u00f5es de 25 pontos-base, com o primeiro movimento previsto para junho.<\/p>\n<p>A escolha de junho para o come\u00e7o do afrouxamento \u00e9 consistente com a prov\u00e1vel posse de Kevin Warsh como presidente do Fed, indicado por Trump, prevista para maio de 2026. Espera-se, assim, que pelo menos um corte ocorra na primeira reuni\u00e3o sob sua lideran\u00e7a.<\/p>\n<p>Embora n\u00e3o seja poss\u00edvel afirmar se Warsh seguir\u00e1 as orienta\u00e7\u00f5es do ex-presidente, Shahini observa que ele tem perfil historicamente focado no combate rigoroso \u00e0 infla\u00e7\u00e3o e tende a manter uma postura cautelosa antes de flexibilizar a pol\u00edtica monet\u00e1ria.<\/p>\n<p>Na an\u00e1lise do especialista, a chegada de um presidente com esse perfil pode prolongar a fase de juros altos, especialmente diante da persist\u00eancia da infla\u00e7\u00e3o. Qualquer altera\u00e7\u00e3o significativa, por\u00e9m, depender\u00e1 do contexto macroecon\u00f4mico vigente na ocasi\u00e3o, uma vez que o Fed atua em conjunto e condiciona suas decis\u00f5es aos indicadores econ\u00f4micos.<\/p>\n<p>Shahini alerta que movimentos inesperados e sem respaldo nos dados podem provocar instabilidade no mercado, refor\u00e7ando a necessidade de decis\u00f5es fundamentadas.<\/p>\n<p><a href=\"https:\/\/www.moneytimes.com.br\/fed-reforca-cautela-e-mercado-ja-questiona-corte-em-junho-e-viavel-jcav\/\" target=\"_blank\" rel=\"noopener\">Fonte<\/a><\/p>\n","protected":false},"excerpt":{"rendered":"<p>Corte de juros em junho \u00e9 destacado pela cautela do Fed diante da infla\u00e7\u00e3o persistente, mantendo o mercado em alerta sobre futuras decis\u00f5es.<\/p>\n","protected":false},"author":1,"featured_media":4106,"comment_status":"open","ping_status":"open","sticky":false,"template":"","format":"standard","meta":{"site-sidebar-layout":"default","site-content-layout":"","ast-site-content-layout":"default","site-content-style":"default","site-sidebar-style":"default","ast-global-header-display":"","ast-banner-title-visibility":"","ast-main-header-display":"","ast-hfb-above-header-display":"","ast-hfb-below-header-display":"","ast-hfb-mobile-header-display":"","site-post-title":"","ast-breadcrumbs-content":"","ast-featured-img":"","footer-sml-layout":"","theme-transparent-header-meta":"","adv-header-id-meta":"","stick-header-meta":"","header-above-stick-meta":"","header-main-stick-meta":"","header-below-stick-meta":"","astra-migrate-meta-layouts":"default","ast-page-background-enabled":"default","ast-page-background-meta":{"desktop":{"background-color":"var(--ast-global-color-5)","background-image":"","background-repeat":"repeat","background-position":"center center","background-size":"auto","background-attachment":"scroll","background-type":"","background-media":"","overlay-type":"","overlay-color":"","overlay-opacity":"","overlay-gradient":""},"tablet":{"background-color":"","background-image":"","background-repeat":"repeat","background-position":"center center","background-size":"auto","background-attachment":"scroll","background-type":"","background-media":"","overlay-type":"","overlay-color":"","overlay-opacity":"","overlay-gradient":""},"mobile":{"background-color":"","background-image":"","background-repeat":"repeat","background-position":"center center","background-size":"auto","background-attachment":"scroll","background-type":"","background-media":"","overlay-type":"","overlay-color":"","overlay-opacity":"","overlay-gradient":""}},"ast-content-background-meta":{"desktop":{"background-color":"var(--ast-global-color-4)","background-image":"","background-repeat":"repeat","background-position":"center center","background-size":"auto","background-attachment":"scroll","background-type":"","background-media":"","overlay-type":"","overlay-color":"","overlay-opacity":"","overlay-gradient":""},"tablet":{"background-color":"var(--ast-global-color-4)","background-image":"","background-repeat":"repeat","background-position":"center center","background-size":"auto","background-attachment":"scroll","background-type":"","background-media":"","overlay-type":"","overlay-color":"","overlay-opacity":"","overlay-gradient":""},"mobile":{"background-color":"var(--ast-global-color-4)","background-image":"","background-repeat":"repeat","background-position":"center center","background-size":"auto","background-attachment":"scroll","background-type":"","background-media":"","overlay-type":"","overlay-color":"","overlay-opacity":"","overlay-gradient":""}},"footnotes":""},"categories":[1],"tags":[],"class_list":["post-4107","post","type-post","status-publish","format-standard","has-post-thumbnail","hentry","category-ultimas"],"_links":{"self":[{"href":"https:\/\/startrico.com.br\/noticias\/wp-json\/wp\/v2\/posts\/4107","targetHints":{"allow":["GET"]}}],"collection":[{"href":"https:\/\/startrico.com.br\/noticias\/wp-json\/wp\/v2\/posts"}],"about":[{"href":"https:\/\/startrico.com.br\/noticias\/wp-json\/wp\/v2\/types\/post"}],"author":[{"embeddable":true,"href":"https:\/\/startrico.com.br\/noticias\/wp-json\/wp\/v2\/users\/1"}],"replies":[{"embeddable":true,"href":"https:\/\/startrico.com.br\/noticias\/wp-json\/wp\/v2\/comments?post=4107"}],"version-history":[{"count":0,"href":"https:\/\/startrico.com.br\/noticias\/wp-json\/wp\/v2\/posts\/4107\/revisions"}],"wp:featuredmedia":[{"embeddable":true,"href":"https:\/\/startrico.com.br\/noticias\/wp-json\/wp\/v2\/media\/4106"}],"wp:attachment":[{"href":"https:\/\/startrico.com.br\/noticias\/wp-json\/wp\/v2\/media?parent=4107"}],"wp:term":[{"taxonomy":"category","embeddable":true,"href":"https:\/\/startrico.com.br\/noticias\/wp-json\/wp\/v2\/categories?post=4107"},{"taxonomy":"post_tag","embeddable":true,"href":"https:\/\/startrico.com.br\/noticias\/wp-json\/wp\/v2\/tags?post=4107"}],"curies":[{"name":"wp","href":"https:\/\/api.w.org\/{rel}","templated":true}]}}