{"id":4127,"date":"2026-02-21T07:10:48","date_gmt":"2026-02-21T10:10:48","guid":{"rendered":"https:\/\/startrico.com.br\/noticias\/brasil-comprometido-com-a\/"},"modified":"2026-02-21T07:10:48","modified_gmt":"2026-02-21T10:10:48","slug":"brasil-comprometido-com-a","status":"publish","type":"post","link":"https:\/\/startrico.com.br\/noticias\/brasil-comprometido-com-a\/","title":{"rendered":"Brasil Comprometido Com a Paz Na Am\u00e9rica do Sul, Afirma Lula"},"content":{"rendered":"<h2>Brasil reafirma compromisso com a manuten\u00e7\u00e3o da paz na Am\u00e9rica do Sul, afirma Lula durante visita \u00e0 \u00cdndia<\/h2>\n<p>O presidente Luiz In\u00e1cio Lula da Silva declarou neste s\u00e1bado (21) que o Brasil est\u00e1 firmemente comprometido em garantir que a Am\u00e9rica do Sul permane\u00e7a uma regi\u00e3o de paz. A declara\u00e7\u00e3o foi feita em Nova D\u00e9lhi, onde Lula participou de eventos oficiais ao lado do primeiro-ministro indiano, Narendra Modi, durante visita \u00e0 \u00cdndia.<\/p>\n<p>Em seu discurso, Lula ressaltou a necessidade de fortalecer a coopera\u00e7\u00e3o entre os pa\u00edses do Sul Global, evitando que esses pa\u00edses se encontrem novamente em uma situa\u00e7\u00e3o semelhante \u00e0 Guerra Fria, marcada pelo confronto entre duas grandes pot\u00eancias.<\/p>\n<p><strong>Lula destacou:<\/strong> &#8220;Vamos fortalecer o Sul Global para que nunca mais entremos em uma Guerra Fria entre duas pot\u00eancias&#8221;.<\/p>\n<h3>Assinatura de acordo estrat\u00e9gico sobre minerais cr\u00edticos<\/h3>\n<p>Nesta mesma data, Brasil e \u00cdndia firmaram um acordo significativo que amplia a coopera\u00e7\u00e3o bilateral no setor de minerais cr\u00edticos e terras raras, essenciais para o desenvolvimento de tecnologias avan\u00e7adas como ve\u00edculos el\u00e9tricos, pain\u00e9is solares, smartphones, motores de aeronaves a jato e m\u00edsseis guiados, conforme anunciou o primeiro-ministro Narendra Modi.<\/p>\n<p>O presidente Lula destacou que a parceria representa um passo importante para o avan\u00e7o da coopera\u00e7\u00e3o estrat\u00e9gica dos dois pa\u00edses, especialmente em \u00e1reas ligadas \u00e0 energia renov\u00e1vel e transi\u00e7\u00e3o energ\u00e9tica.<\/p>\n<p><strong>Conforme Lula:<\/strong> &#8220;Expandir investimentos e coopera\u00e7\u00e3o em energias renov\u00e1veis e minerais cr\u00edticos \u00e9 o n\u00facleo do acordo inovador que firmamos hoje&#8221;.<\/p>\n<p>Al\u00e9m disso, o presidente mencionou que, no \u00e2mbito da Alian\u00e7a Global para Biocombust\u00edveis, Brasil e \u00cdndia garantem o devido destaque a essa tecnologia nas agendas clim\u00e1tica e energ\u00e9tica globais.<\/p>\n<p>Para Narendra Modi, o pacto \u00e9 fundamental para a constru\u00e7\u00e3o de cadeias de suprimentos mais resilientes, diminuindo a vulnerabilidade das duas na\u00e7\u00f5es.<\/p>\n<h3>Contexto da coopera\u00e7\u00e3o e relev\u00e2ncia do Brasil<\/h3>\n<p>O Brasil possui a segunda maior reserva mundial desses minerais estrat\u00e9gicos, o que fortalece sua posi\u00e7\u00e3o como parceiro essencial para a \u00cdndia. O pa\u00eds asi\u00e1tico, que busca reduzir sua depend\u00eancia da China, tem investido na amplia\u00e7\u00e3o da produ\u00e7\u00e3o interna desses recursos, reciclagem e diversifica\u00e7\u00e3o dos seus fornecedores.<\/p>\n<h3>Agenda de Lula na \u00cdndia<\/h3>\n<p>Lula chegou \u00e0 capital indiana na quarta-feira (18) para participar de uma c\u00fapula global dedicada \u00e0 intelig\u00eancia artificial. Durante sua estadia, recebeu cerim\u00f4nia oficial, prestou homenagem a Mahatma Gandhi e realizou encontro com Narendra Modi para discutir o aumento da coopera\u00e7\u00e3o bilateral.<\/p>\n<p>Os dois l\u00edderes tamb\u00e9m abordaram a expans\u00e3o do com\u00e9rcio, que atingiu mais de US$ 15 bilh\u00f5es em 2025, com planos de ampliar esse valor para US$ 20 bilh\u00f5es at\u00e9 2030. O Brasil \u00e9 o principal parceiro comercial da \u00cdndia na Am\u00e9rica Latina.<\/p>\n<p>Ap\u00f3s a visita \u00e0 \u00cdndia, Lula seguir\u00e1 para a Coreia do Sul, onde ter\u00e1 reuni\u00f5es com o presidente Lee Jae-myung e participar\u00e1 de um f\u00f3rum empresarial.<\/p>\n<p><a href=\"https:\/\/g1.globo.com\/politica\/noticia\/2026\/02\/21\/brasil-esta-comprometido-com-a-manutencao-da-america-do-sul-como-zona-de-paz-diz-lula-na-india.ghtml\" target=\"_blank\" rel=\"noopener\">Fonte<\/a><\/p>\n","protected":false},"excerpt":{"rendered":"<p>Brasil comprometido com a paz mant\u00e9m a Am\u00e9rica do Sul como regi\u00e3o est\u00e1vel e fortalece coopera\u00e7\u00e3o internacional em visita \u00e0 \u00cdndia.<\/p>\n","protected":false},"author":1,"featured_media":4126,"comment_status":"open","ping_status":"open","sticky":false,"template":"","format":"standard","meta":{"site-sidebar-layout":"default","site-content-layout":"","ast-site-content-layout":"default","site-content-style":"default","site-sidebar-style":"default","ast-global-header-display":"","ast-banner-title-visibility":"","ast-main-header-display":"","ast-hfb-above-header-display":"","ast-hfb-below-header-display":"","ast-hfb-mobile-header-display":"","site-post-title":"","ast-breadcrumbs-content":"","ast-featured-img":"","footer-sml-layout":"","theme-transparent-header-meta":"","adv-header-id-meta":"","stick-header-meta":"","header-above-stick-meta":"","header-main-stick-meta":"","header-below-stick-meta":"","astra-migrate-meta-layouts":"default","ast-page-background-enabled":"default","ast-page-background-meta":{"desktop":{"background-color":"var(--ast-global-color-5)","background-image":"","background-repeat":"repeat","background-position":"center center","background-size":"auto","background-attachment":"scroll","background-type":"","background-media":"","overlay-type":"","overlay-color":"","overlay-opacity":"","overlay-gradient":""},"tablet":{"background-color":"","background-image":"","background-repeat":"repeat","background-position":"center center","background-size":"auto","background-attachment":"scroll","background-type":"","background-media":"","overlay-type":"","overlay-color":"","overlay-opacity":"","overlay-gradient":""},"mobile":{"background-color":"","background-image":"","background-repeat":"repeat","background-position":"center center","background-size":"auto","background-attachment":"scroll","background-type":"","background-media":"","overlay-type":"","overlay-color":"","overlay-opacity":"","overlay-gradient":""}},"ast-content-background-meta":{"desktop":{"background-color":"var(--ast-global-color-4)","background-image":"","background-repeat":"repeat","background-position":"center center","background-size":"auto","background-attachment":"scroll","background-type":"","background-media":"","overlay-type":"","overlay-color":"","overlay-opacity":"","overlay-gradient":""},"tablet":{"background-color":"var(--ast-global-color-4)","background-image":"","background-repeat":"repeat","background-position":"center center","background-size":"auto","background-attachment":"scroll","background-type":"","background-media":"","overlay-type":"","overlay-color":"","overlay-opacity":"","overlay-gradient":""},"mobile":{"background-color":"var(--ast-global-color-4)","background-image":"","background-repeat":"repeat","background-position":"center center","background-size":"auto","background-attachment":"scroll","background-type":"","background-media":"","overlay-type":"","overlay-color":"","overlay-opacity":"","overlay-gradient":""}},"footnotes":""},"categories":[1],"tags":[],"class_list":["post-4127","post","type-post","status-publish","format-standard","has-post-thumbnail","hentry","category-ultimas"],"_links":{"self":[{"href":"https:\/\/startrico.com.br\/noticias\/wp-json\/wp\/v2\/posts\/4127","targetHints":{"allow":["GET"]}}],"collection":[{"href":"https:\/\/startrico.com.br\/noticias\/wp-json\/wp\/v2\/posts"}],"about":[{"href":"https:\/\/startrico.com.br\/noticias\/wp-json\/wp\/v2\/types\/post"}],"author":[{"embeddable":true,"href":"https:\/\/startrico.com.br\/noticias\/wp-json\/wp\/v2\/users\/1"}],"replies":[{"embeddable":true,"href":"https:\/\/startrico.com.br\/noticias\/wp-json\/wp\/v2\/comments?post=4127"}],"version-history":[{"count":0,"href":"https:\/\/startrico.com.br\/noticias\/wp-json\/wp\/v2\/posts\/4127\/revisions"}],"wp:featuredmedia":[{"embeddable":true,"href":"https:\/\/startrico.com.br\/noticias\/wp-json\/wp\/v2\/media\/4126"}],"wp:attachment":[{"href":"https:\/\/startrico.com.br\/noticias\/wp-json\/wp\/v2\/media?parent=4127"}],"wp:term":[{"taxonomy":"category","embeddable":true,"href":"https:\/\/startrico.com.br\/noticias\/wp-json\/wp\/v2\/categories?post=4127"},{"taxonomy":"post_tag","embeddable":true,"href":"https:\/\/startrico.com.br\/noticias\/wp-json\/wp\/v2\/tags?post=4127"}],"curies":[{"name":"wp","href":"https:\/\/api.w.org\/{rel}","templated":true}]}}