{"id":4147,"date":"2026-02-22T07:06:29","date_gmt":"2026-02-22T10:06:29","guid":{"rendered":"https:\/\/startrico.com.br\/noticias\/4147-2\/"},"modified":"2026-02-22T07:06:29","modified_gmt":"2026-02-22T10:06:29","slug":"4147-2","status":"publish","type":"post","link":"https:\/\/startrico.com.br\/noticias\/4147-2\/","title":{"rendered":""},"content":{"rendered":"<h2>Sil\u00eancio organizacional nas empresas: inova\u00e7\u00e3o \u00e9 prejudicada pelo medo de retalia\u00e7\u00e3o<\/h2>\n<p>Embora o tema da diversidade tenha avan\u00e7ado nas conversas e nas pr\u00e1ticas de contrata\u00e7\u00e3o das organiza\u00e7\u00f5es, a verdadeira participa\u00e7\u00e3o nas decis\u00f5es ainda n\u00e3o acompanha essa evolu\u00e7\u00e3o. Como consequ\u00eancia, cresce o fen\u00f4meno conhecido como \u201csil\u00eancio organizacional\u201d, no qual colaboradores optam por n\u00e3o se manifestar no ambiente profissional por receio de sofrer repres\u00e1lias.<\/p>\n<p>Essa conclus\u00e3o surge na pesquisa nacional intitulada \u201cDiversidade sem Poder: quem entra, mas n\u00e3o decide\u201d, elaborada pela Heach Recursos Humanos. O estudo destaca que a aus\u00eancia de seguran\u00e7a psicol\u00f3gica leva os profissionais a evitarem se posicionar diante das lideran\u00e7as, comprometendo o potencial estrat\u00e9gico da companhia.<\/p>\n<p>A sondagem, realizada em janeiro de 2026 com 1.250 trabalhadores de empresas com mais de 100 funcion\u00e1rios, revela que o sil\u00eancio \u00e9 amplificado pela impress\u00e3o generalizada de que a presen\u00e7a desses colaboradores n\u00e3o resulta em influ\u00eancia real.<\/p>\n<p>Os resultados indicam que:<\/p>\n<ul class=\"myul\">\n<li>68% dos integrantes de grupos diversos participam de reuni\u00f5es estrat\u00e9gicas, por\u00e9m n\u00e3o det\u00eam poder para decis\u00f5es;<\/li>\n<li>61% afirmam que suas opini\u00f5es raramente provocam mudan\u00e7as nas decis\u00f5es j\u00e1 estabelecidas;<\/li>\n<li>57% s\u00e3o consultados apenas para confirmar decis\u00f5es previamente tomadas;<\/li>\n<li>54% evitam discordar de seus superiores por medo de consequ\u00eancias negativas para suas carreiras;<\/li>\n<li>49% acreditam que apontar falhas organizacionais pode acarretar retalia\u00e7\u00f5es disfar\u00e7adas;<\/li>\n<li>46% relatam terem que escolher cuidadosamente as palavras ao participar de momentos estrat\u00e9gicos.<\/li>\n<\/ul>\n<h3>\u00cdndice de Diversidade com Poder (IDP)<\/h3>\n<p>Para avaliar a real influ\u00eancia proporcionada aos colaboradores diversos, a Heach criou o \u00cdndice de Diversidade com Poder (IDP), que varia de 0 a 100. A m\u00e9dia nacional atingiu 52 pontos, mostrando que a inclus\u00e3o \u00e9, na pr\u00e1tica, incompleta.<\/p>\n<p>O pior desempenho foi registrado na dimens\u00e3o \u201cpoder decis\u00f3rio real\u201d, com apenas 47 pontos, seguida de perto pela \u201cseguran\u00e7a psicol\u00f3gica\u201d, que obteve 49 pontos e est\u00e1 diretamente ligada ao sil\u00eancio e ao temor de retalia\u00e7\u00e3o.<\/p>\n<h3>Impactos na sucess\u00e3o e reten\u00e7\u00e3o de talentos<\/h3>\n<p>O estudo tamb\u00e9m alerta que a perda de poder ocorre especialmente em fases de transi\u00e7\u00e3o para cargos de maior responsabilidade, como na lideran\u00e7a intermedi\u00e1ria. Enquanto os altos executivos apresentam um IDP m\u00e9dio de 67 pontos, os coordenadores e gerentes possuem \u00edndices muito inferiores, de 48 e 50 pontos, respectivamente, o que fragiliza o pipeline de sucess\u00e3o das organiza\u00e7\u00f5es.<\/p>\n<p>Segundo Elcio Paulo Teixeira, CEO da Heach Recursos Humanos, esse contexto traz custos elevados para a sustenta\u00e7\u00e3o dos neg\u00f3cios.<\/p>\n<p>\u201cQuando profissionais participam das discuss\u00f5es, mas n\u00e3o t\u00eam poder para decidir, o engajamento diminui. Isso gera frustra\u00e7\u00e3o e, principalmente, eleva o risco de perder talentos e cria um vazio na forma\u00e7\u00e3o de futuros l\u00edderes. Embora a diversidade tenha chegado \u00e0s empresas, o poder segue concentrado. Sem mudan\u00e7as nas estruturas decis\u00f3rias, a inclus\u00e3o fica vulner\u00e1vel e a sucess\u00e3o enfraquecida\u201d, explica o executivo.<\/p>\n<p>Ele ressalta que o desafio enfrentado \u00e9 estrutural e demanda que as companhias transformem o discurso em a\u00e7\u00f5es concretas nas inst\u00e2ncias de decis\u00e3o.<\/p>\n<p>\u201cHoje, o principal obst\u00e1culo n\u00e3o \u00e9 quem entra na empresa, mas quem efetivamente decide. Diversidade sem poder n\u00e3o se sustenta e causa preju\u00edzos na reten\u00e7\u00e3o de profissionais, na inova\u00e7\u00e3o e na continuidade dos neg\u00f3cios\u201d, conclui.<\/p>\n<p><a href=\"https:\/\/www.infomoney.com.br\/business\/silencio-organizacional-medo-retaliacao-empresas\/\" target=\"_blank\" rel=\"noopener\">Fonte<\/a><\/p>\n","protected":false},"excerpt":{"rendered":"<p>Sil\u00eancio organizacional nas empresas: inova\u00e7\u00e3o \u00e9 prejudicada pelo medo de retalia\u00e7\u00e3o Embora o tema da diversidade tenha avan\u00e7ado nas conversas [&hellip;]<\/p>\n","protected":false},"author":1,"featured_media":4146,"comment_status":"open","ping_status":"open","sticky":false,"template":"","format":"standard","meta":{"site-sidebar-layout":"default","site-content-layout":"","ast-site-content-layout":"default","site-content-style":"default","site-sidebar-style":"default","ast-global-header-display":"","ast-banner-title-visibility":"","ast-main-header-display":"","ast-hfb-above-header-display":"","ast-hfb-below-header-display":"","ast-hfb-mobile-header-display":"","site-post-title":"","ast-breadcrumbs-content":"","ast-featured-img":"","footer-sml-layout":"","theme-transparent-header-meta":"","adv-header-id-meta":"","stick-header-meta":"","header-above-stick-meta":"","header-main-stick-meta":"","header-below-stick-meta":"","astra-migrate-meta-layouts":"default","ast-page-background-enabled":"default","ast-page-background-meta":{"desktop":{"background-color":"var(--ast-global-color-5)","background-image":"","background-repeat":"repeat","background-position":"center center","background-size":"auto","background-attachment":"scroll","background-type":"","background-media":"","overlay-type":"","overlay-color":"","overlay-opacity":"","overlay-gradient":""},"tablet":{"background-color":"","background-image":"","background-repeat":"repeat","background-position":"center center","background-size":"auto","background-attachment":"scroll","background-type":"","background-media":"","overlay-type":"","overlay-color":"","overlay-opacity":"","overlay-gradient":""},"mobile":{"background-color":"","background-image":"","background-repeat":"repeat","background-position":"center center","background-size":"auto","background-attachment":"scroll","background-type":"","background-media":"","overlay-type":"","overlay-color":"","overlay-opacity":"","overlay-gradient":""}},"ast-content-background-meta":{"desktop":{"background-color":"var(--ast-global-color-4)","background-image":"","background-repeat":"repeat","background-position":"center center","background-size":"auto","background-attachment":"scroll","background-type":"","background-media":"","overlay-type":"","overlay-color":"","overlay-opacity":"","overlay-gradient":""},"tablet":{"background-color":"var(--ast-global-color-4)","background-image":"","background-repeat":"repeat","background-position":"center center","background-size":"auto","background-attachment":"scroll","background-type":"","background-media":"","overlay-type":"","overlay-color":"","overlay-opacity":"","overlay-gradient":""},"mobile":{"background-color":"var(--ast-global-color-4)","background-image":"","background-repeat":"repeat","background-position":"center center","background-size":"auto","background-attachment":"scroll","background-type":"","background-media":"","overlay-type":"","overlay-color":"","overlay-opacity":"","overlay-gradient":""}},"footnotes":""},"categories":[1],"tags":[],"class_list":["post-4147","post","type-post","status-publish","format-standard","has-post-thumbnail","hentry","category-ultimas"],"_links":{"self":[{"href":"https:\/\/startrico.com.br\/noticias\/wp-json\/wp\/v2\/posts\/4147","targetHints":{"allow":["GET"]}}],"collection":[{"href":"https:\/\/startrico.com.br\/noticias\/wp-json\/wp\/v2\/posts"}],"about":[{"href":"https:\/\/startrico.com.br\/noticias\/wp-json\/wp\/v2\/types\/post"}],"author":[{"embeddable":true,"href":"https:\/\/startrico.com.br\/noticias\/wp-json\/wp\/v2\/users\/1"}],"replies":[{"embeddable":true,"href":"https:\/\/startrico.com.br\/noticias\/wp-json\/wp\/v2\/comments?post=4147"}],"version-history":[{"count":0,"href":"https:\/\/startrico.com.br\/noticias\/wp-json\/wp\/v2\/posts\/4147\/revisions"}],"wp:featuredmedia":[{"embeddable":true,"href":"https:\/\/startrico.com.br\/noticias\/wp-json\/wp\/v2\/media\/4146"}],"wp:attachment":[{"href":"https:\/\/startrico.com.br\/noticias\/wp-json\/wp\/v2\/media?parent=4147"}],"wp:term":[{"taxonomy":"category","embeddable":true,"href":"https:\/\/startrico.com.br\/noticias\/wp-json\/wp\/v2\/categories?post=4147"},{"taxonomy":"post_tag","embeddable":true,"href":"https:\/\/startrico.com.br\/noticias\/wp-json\/wp\/v2\/tags?post=4147"}],"curies":[{"name":"wp","href":"https:\/\/api.w.org\/{rel}","templated":true}]}}