{"id":4165,"date":"2026-02-22T07:56:20","date_gmt":"2026-02-22T10:56:20","guid":{"rendered":"https:\/\/startrico.com.br\/noticias\/embraer-e-adani-firmam\/"},"modified":"2026-02-22T07:56:20","modified_gmt":"2026-02-22T10:56:20","slug":"embraer-e-adani-firmam","status":"publish","type":"post","link":"https:\/\/startrico.com.br\/noticias\/embraer-e-adani-firmam\/","title":{"rendered":"Embraer E Adani Firmam Parceria Para Montagem Do E175 Na \u00cdndia"},"content":{"rendered":"<h2>Embraer e Adani firmam acordo para montagem do avi\u00e3o E175 na \u00cdndia<\/h2>\n<p>A Embraer e o Grupo Adani, principal empresa do setor aeroespacial e de defesa na \u00cdndia, anunciaram no dia 21 de fevereiro de 2026 um Memorando de Entendimento (MoU) ampliado com o objetivo de estabelecer uma linha de montagem final para o jato regional E175 na \u00cdndia, dentro do programa Aeronaves de Transporte Regional (RTA) do pa\u00eds.<\/p>\n<p>O documento foi assinado por Francisco Gomes Neto, presidente e CEO da Embraer, e Jeet Adani, diretor da Adani Defence &#038; Aerospace, em uma cerim\u00f4nia que contou com a presen\u00e7a do presidente do Brasil, Luiz In\u00e1cio Lula da Silva, e do ministro do Com\u00e9rcio e Ind\u00fastria da \u00cdndia, Piyush Goyal.<\/p>\n<p>Executivos das empresas explicaram que essa parceria visa organizar a produ\u00e7\u00e3o do E175 na \u00cdndia e que j\u00e1 est\u00e3o trabalhando em conjunto para definir os detalhes do acordo.<\/p>\n<h3>Perspectiva e import\u00e2ncia do projeto<\/h3>\n<p>Francisco Gomes Neto destacou que o E175 possui um hist\u00f3rico consolidado de opera\u00e7\u00f5es em rotas regionais frequentes ao redor do mundo, identificando a \u00cdndia como um mercado em r\u00e1pida expans\u00e3o nesse segmento. Ele ressaltou ainda que a assinatura deste memorando representa um passo fundamental para a parceria, enquanto ambas as empresas avan\u00e7am em aspectos relacionados \u00e0 implanta\u00e7\u00e3o da linha de montagem final e \u00e0 obten\u00e7\u00e3o de pedidos de compra.<\/p>\n<p>Segundo Gomes Neto, o memorando dever\u00e1 ser convertido em contrato definitivo caso as encomendas atinjam cerca de 200 unidades, n\u00famero considerado ideal pela Embraer para a concretiza\u00e7\u00e3o do projeto.<\/p>\n<p>O plano \u00e9 montar as aeronaves na \u00cdndia utilizando componentes produzidos pela pr\u00f3pria ind\u00fastria indiana. O processo de \u201cprodutiza\u00e7\u00e3o\u201d j\u00e1 est\u00e1 em andamento h\u00e1 cerca de um ano e meio, com a cria\u00e7\u00e3o de centros de treinamento, manuten\u00e7\u00e3o e forma\u00e7\u00e3o de um ecossistema que assegure o sucesso da opera\u00e7\u00e3o dessas aeronaves na For\u00e7a A\u00e9rea Indiana.<\/p>\n<p>O executivo da Embraer pontuou que a \u00cdndia possui potencial para se tornar uma base de atendimento para mercados vizinhos, utilizando o E175 para ampliar opera\u00e7\u00f5es regionais.<\/p>\n<h3>Presen\u00e7a da Embraer e demanda na \u00cdndia<\/h3>\n<p>Atualmente a Embraer tem posi\u00e7\u00e3o consolidada na \u00cdndia, com cerca de 50 aeronaves e 11 modelos em opera\u00e7\u00e3o que abrangem os setores comercial, de defesa e avia\u00e7\u00e3o executiva.<\/p>\n<p>Como a \u00cdndia \u00e9 um dos mercados de avia\u00e7\u00e3o de maior crescimento global em passageiros, o pa\u00eds possui demanda estimada para ao menos 500 aeronaves na faixa de 80 a 146 assentos ao longo dos pr\u00f3ximos 20 anos. Segundo informa\u00e7\u00f5es do governo indiano, esse aumento se deve \u00e0 expans\u00e3o da conectividade regional e curta dist\u00e2ncia, favorecida pelo uso crescente de jatos menores e mais eficientes.<\/p>\n<h3>Declara\u00e7\u00f5es da Adani e benef\u00edcios esperados<\/h3>\n<p>Ashish Rajvanshi, presidente e CEO da Adani Defence &#038; Aerospace, declarou que a estrutura\u00e7\u00e3o do segmento de jatos regionais na \u00cdndia representa um passo importante para uma avia\u00e7\u00e3o autossuficiente, que possa reduzir dist\u00e2ncias entre regi\u00f5es urbanas e rurais, gerar empregos qualificados e fortalecer a presen\u00e7a do pa\u00eds na ind\u00fastria aeroespacial global.<\/p>\n<p>O E175 pode acomodar at\u00e9 88 passageiros, sendo um modelo indicado para atender rotas pouco exploradas em cidades de pequeno e m\u00e9dio porte na \u00cdndia. A expectativa \u00e9 que essa iniciativa possibilite a cria\u00e7\u00e3o de novas rotas, amplie a conectividade regional, garanta opera\u00e7\u00f5es confi\u00e1veis e impulsione o crescimento da avia\u00e7\u00e3o local.<\/p>\n<h3>Outras iniciativas da Embraer na \u00cdndia<\/h3>\n<p>Este \u00e9 o segundo Memorando de Entendimento assinado pela Embraer no pa\u00eds em sequ\u00eancia. No dia anterior, 20 de fevereiro, a empresa firmou um acordo com a Hindalco Industries Limited para avaliar e desenvolver oportunidades de neg\u00f3cios, incluindo a poss\u00edvel produ\u00e7\u00e3o local de mat\u00e9rias-primas de alum\u00ednio aeroespacial, com o prop\u00f3sito de apoiar iniciativas industriais da Embraer na \u00cdndia e refor\u00e7ar sua cadeia produtiva nacional.<\/p>\n<p>O jornalista que cobriu a mat\u00e9ria esteve em Nova D\u00e9li a convite da ApexBrasil.<\/p>\n<p><a href=\"https:\/\/exame.com\/economia\/embraer-e-adani-assinam-memorando-para-instalar-montagem-do-e175-na-india\/\" target=\"_blank\" rel=\"noopener\">Fonte<\/a><\/p>\n","protected":false},"excerpt":{"rendered":"<p>Montagem do E175 na \u00cdndia avan\u00e7a com parceria Embraer-Adani, fortalecendo o setor aeroespacial e conectividade regional.<\/p>\n","protected":false},"author":1,"featured_media":4164,"comment_status":"open","ping_status":"open","sticky":false,"template":"","format":"standard","meta":{"site-sidebar-layout":"default","site-content-layout":"","ast-site-content-layout":"default","site-content-style":"default","site-sidebar-style":"default","ast-global-header-display":"","ast-banner-title-visibility":"","ast-main-header-display":"","ast-hfb-above-header-display":"","ast-hfb-below-header-display":"","ast-hfb-mobile-header-display":"","site-post-title":"","ast-breadcrumbs-content":"","ast-featured-img":"","footer-sml-layout":"","theme-transparent-header-meta":"","adv-header-id-meta":"","stick-header-meta":"","header-above-stick-meta":"","header-main-stick-meta":"","header-below-stick-meta":"","astra-migrate-meta-layouts":"default","ast-page-background-enabled":"default","ast-page-background-meta":{"desktop":{"background-color":"var(--ast-global-color-5)","background-image":"","background-repeat":"repeat","background-position":"center center","background-size":"auto","background-attachment":"scroll","background-type":"","background-media":"","overlay-type":"","overlay-color":"","overlay-opacity":"","overlay-gradient":""},"tablet":{"background-color":"","background-image":"","background-repeat":"repeat","background-position":"center center","background-size":"auto","background-attachment":"scroll","background-type":"","background-media":"","overlay-type":"","overlay-color":"","overlay-opacity":"","overlay-gradient":""},"mobile":{"background-color":"","background-image":"","background-repeat":"repeat","background-position":"center center","background-size":"auto","background-attachment":"scroll","background-type":"","background-media":"","overlay-type":"","overlay-color":"","overlay-opacity":"","overlay-gradient":""}},"ast-content-background-meta":{"desktop":{"background-color":"var(--ast-global-color-4)","background-image":"","background-repeat":"repeat","background-position":"center center","background-size":"auto","background-attachment":"scroll","background-type":"","background-media":"","overlay-type":"","overlay-color":"","overlay-opacity":"","overlay-gradient":""},"tablet":{"background-color":"var(--ast-global-color-4)","background-image":"","background-repeat":"repeat","background-position":"center center","background-size":"auto","background-attachment":"scroll","background-type":"","background-media":"","overlay-type":"","overlay-color":"","overlay-opacity":"","overlay-gradient":""},"mobile":{"background-color":"var(--ast-global-color-4)","background-image":"","background-repeat":"repeat","background-position":"center center","background-size":"auto","background-attachment":"scroll","background-type":"","background-media":"","overlay-type":"","overlay-color":"","overlay-opacity":"","overlay-gradient":""}},"footnotes":""},"categories":[1],"tags":[],"class_list":["post-4165","post","type-post","status-publish","format-standard","has-post-thumbnail","hentry","category-ultimas"],"_links":{"self":[{"href":"https:\/\/startrico.com.br\/noticias\/wp-json\/wp\/v2\/posts\/4165","targetHints":{"allow":["GET"]}}],"collection":[{"href":"https:\/\/startrico.com.br\/noticias\/wp-json\/wp\/v2\/posts"}],"about":[{"href":"https:\/\/startrico.com.br\/noticias\/wp-json\/wp\/v2\/types\/post"}],"author":[{"embeddable":true,"href":"https:\/\/startrico.com.br\/noticias\/wp-json\/wp\/v2\/users\/1"}],"replies":[{"embeddable":true,"href":"https:\/\/startrico.com.br\/noticias\/wp-json\/wp\/v2\/comments?post=4165"}],"version-history":[{"count":0,"href":"https:\/\/startrico.com.br\/noticias\/wp-json\/wp\/v2\/posts\/4165\/revisions"}],"wp:featuredmedia":[{"embeddable":true,"href":"https:\/\/startrico.com.br\/noticias\/wp-json\/wp\/v2\/media\/4164"}],"wp:attachment":[{"href":"https:\/\/startrico.com.br\/noticias\/wp-json\/wp\/v2\/media?parent=4165"}],"wp:term":[{"taxonomy":"category","embeddable":true,"href":"https:\/\/startrico.com.br\/noticias\/wp-json\/wp\/v2\/categories?post=4165"},{"taxonomy":"post_tag","embeddable":true,"href":"https:\/\/startrico.com.br\/noticias\/wp-json\/wp\/v2\/tags?post=4165"}],"curies":[{"name":"wp","href":"https:\/\/api.w.org\/{rel}","templated":true}]}}