{"id":4169,"date":"2026-02-23T07:06:36","date_gmt":"2026-02-23T10:06:36","guid":{"rendered":"https:\/\/startrico.com.br\/noticias\/brasil-e-coreia-do\/"},"modified":"2026-02-23T07:06:36","modified_gmt":"2026-02-23T10:06:36","slug":"brasil-e-coreia-do","status":"publish","type":"post","link":"https:\/\/startrico.com.br\/noticias\/brasil-e-coreia-do\/","title":{"rendered":"Brasil E Coreia Do Sul Fortalecem Coopera\u00e7\u00e3o Em Minerais E Com\u00e9rcio"},"content":{"rendered":"<h2>Brasil e Coreia do Sul firmam acordo para ampliar coopera\u00e7\u00e3o em minerais e com\u00e9rcio<\/h2>\n<p>Durante uma c\u00fapula realizada em Seul nesta segunda-feira, o presidente brasileiro Luiz In\u00e1cio Lula da Silva e o presidente sul-coreano Lee Jae Myung concordaram em estreitar a colabora\u00e7\u00e3o entre os dois pa\u00edses em \u00e1reas como com\u00e9rcio, minerais essenciais, tecnologia e cultura.<\/p>\n<p>Nas negocia\u00e7\u00f5es, ambos os l\u00edderes participaram da assinatura de dez memorandos de entendimento, abrangendo temas diversos, como pol\u00edtica comercial e industrial, minerais estrat\u00e9gicos, economia digital com foco em intelig\u00eancia artificial, agricultura, sa\u00fade e biotecnologia, interc\u00e2mbio para pequenas empresas, al\u00e9m de coopera\u00e7\u00e3o no combate conjunto contra crimes cibern\u00e9ticos, tr\u00e1fico de drogas e outras amea\u00e7as transnacionais.<\/p>\n<p>Lee Jae Myung ressaltou o objetivo de transformar o relacionamento bilateral em uma parceria estrat\u00e9gica, trabalhando em conjunto para promover a estabilidade na Pen\u00ednsula Coreana.<\/p>\n<p>O presidente Lula destacou as in\u00fameras sinergias existentes entre Brasil e Coreia do Sul, mencionando que o Brasil \u00e9 o principal destino dos investimentos sul-coreanos na Am\u00e9rica Latina, enquanto a Coreia do Sul ocupa o quarto lugar entre os parceiros comerciais brasileiros na \u00c1sia, com um fluxo comercial de US$ 11 bilh\u00f5es.<\/p>\n<p>Para incentivar investimentos m\u00fatuos, foi firmado um acordo-quadro de integra\u00e7\u00e3o comercial e produtiva, que visa facilitar as atividades comerciais bilaterais, harmonizar regula\u00e7\u00f5es e assegurar um ambiente de neg\u00f3cios mais est\u00e1vel para as empresas dos dois pa\u00edses.<\/p>\n<p>O chefe do Executivo brasileiro ressaltou ainda que as cadeias de minerais cr\u00edticos representam uma oportunidade valiosa para agregar valor, e mencionou que a aprova\u00e7\u00e3o dos tr\u00e2mites sanit\u00e1rios para a exporta\u00e7\u00e3o de carne brasileira pode beneficiar os consumidores na Coreia do Sul.<\/p>\n<p>Ambos discutiram tamb\u00e9m formas para retomar as negocia\u00e7\u00f5es entre o Mercosul e a Coreia do Sul, que estavam suspensas desde 2021.<\/p>\n<p>Em declara\u00e7\u00f5es anteriores, Lee Jae Myung informou que foi tra\u00e7ado um plano de a\u00e7\u00e3o para os pr\u00f3ximos quatro anos, com o intuito de implementar medidas pr\u00e1ticas que ampliem a coopera\u00e7\u00e3o bilateral, abrangendo desde minerais estrat\u00e9gicos at\u00e9 setores de defesa, ind\u00fastria espacial e seguran\u00e7a alimentar.<\/p>\n<p>Lula ressaltou que o Brasil possui amplas reservas de terras raras e expressivos dep\u00f3sitos de n\u00edquel, e que seu governo est\u00e1 empenhado em atrair investimentos de empresas sul-coreanas para esses segmentos.<\/p>\n<p>Em mensagem publicada no X (antigo Twitter) no in\u00edcio do dia, Lee recebeu Lula com manifesta\u00e7\u00f5es de apoio, lembrando semelhan\u00e7as entre suas trajet\u00f3rias pessoais. Ele citou a experi\u00eancia de ambos como trabalhadores infantis e enfatizou que Lula demonstrou, ao longo da sua vida, que a democracia \u00e9 a ferramenta mais eficaz para o avan\u00e7o social e econ\u00f4mico, destacando sua contribui\u00e7\u00e3o para a hist\u00f3ria global da democracia.<\/p>\n<p>Os presidentes, que se conheceram em encontros internacionais como a c\u00fapula do G7 no Canad\u00e1 e o G20 na \u00c1frica do Sul, criaram la\u00e7os refor\u00e7ados pelas experi\u00eancias compartilhadas, incluindo enfrentamentos a dificuldades relacionadas ao trabalho infantil e acidentes laborais.<\/p>\n<p><img decoding=\"async\" src=\"https:\/\/www.infomoney.com.br\/wp-content\/uploads\/2026\/02\/2026-02-23T085343Z_1_LYNXMPEM1M09A_RTROPTP_4_SOUTHKOREA-BRAZIL.jpg?fit=1280%2C950&#038;quality=70&#038;strip=all\" alt=\"Presidente Luiz In\u00e1cio Lula da Silva e o presidente Lee Jae Myung apertam as m\u00e3os em coletiva de imprensa na Casa Azul, sede da presid\u00eancia sul-coreana, em Seul, Coreia do Sul\"\/><a href=\"https:\/\/www.infomoney.com.br\/economia\/brasil-e-coreia-do-sul-concordam-em-ampliar-cooperacao-em-minerais-e-comercio\/\" target=\"_blank\" rel=\"noopener\">Fonte<\/a><\/p>\n","protected":false},"excerpt":{"rendered":"<p>Coopera\u00e7\u00e3o em minerais e com\u00e9rcio entre Brasil e Coreia do Sul avan\u00e7a com acordos em tecnologia, ind\u00fastria e investimentos m\u00fatuos.<\/p>\n","protected":false},"author":1,"featured_media":4168,"comment_status":"open","ping_status":"open","sticky":false,"template":"","format":"standard","meta":{"site-sidebar-layout":"default","site-content-layout":"","ast-site-content-layout":"default","site-content-style":"default","site-sidebar-style":"default","ast-global-header-display":"","ast-banner-title-visibility":"","ast-main-header-display":"","ast-hfb-above-header-display":"","ast-hfb-below-header-display":"","ast-hfb-mobile-header-display":"","site-post-title":"","ast-breadcrumbs-content":"","ast-featured-img":"","footer-sml-layout":"","theme-transparent-header-meta":"","adv-header-id-meta":"","stick-header-meta":"","header-above-stick-meta":"","header-main-stick-meta":"","header-below-stick-meta":"","astra-migrate-meta-layouts":"default","ast-page-background-enabled":"default","ast-page-background-meta":{"desktop":{"background-color":"var(--ast-global-color-5)","background-image":"","background-repeat":"repeat","background-position":"center center","background-size":"auto","background-attachment":"scroll","background-type":"","background-media":"","overlay-type":"","overlay-color":"","overlay-opacity":"","overlay-gradient":""},"tablet":{"background-color":"","background-image":"","background-repeat":"repeat","background-position":"center center","background-size":"auto","background-attachment":"scroll","background-type":"","background-media":"","overlay-type":"","overlay-color":"","overlay-opacity":"","overlay-gradient":""},"mobile":{"background-color":"","background-image":"","background-repeat":"repeat","background-position":"center center","background-size":"auto","background-attachment":"scroll","background-type":"","background-media":"","overlay-type":"","overlay-color":"","overlay-opacity":"","overlay-gradient":""}},"ast-content-background-meta":{"desktop":{"background-color":"var(--ast-global-color-4)","background-image":"","background-repeat":"repeat","background-position":"center center","background-size":"auto","background-attachment":"scroll","background-type":"","background-media":"","overlay-type":"","overlay-color":"","overlay-opacity":"","overlay-gradient":""},"tablet":{"background-color":"var(--ast-global-color-4)","background-image":"","background-repeat":"repeat","background-position":"center center","background-size":"auto","background-attachment":"scroll","background-type":"","background-media":"","overlay-type":"","overlay-color":"","overlay-opacity":"","overlay-gradient":""},"mobile":{"background-color":"var(--ast-global-color-4)","background-image":"","background-repeat":"repeat","background-position":"center center","background-size":"auto","background-attachment":"scroll","background-type":"","background-media":"","overlay-type":"","overlay-color":"","overlay-opacity":"","overlay-gradient":""}},"footnotes":""},"categories":[1],"tags":[],"class_list":["post-4169","post","type-post","status-publish","format-standard","has-post-thumbnail","hentry","category-ultimas"],"_links":{"self":[{"href":"https:\/\/startrico.com.br\/noticias\/wp-json\/wp\/v2\/posts\/4169","targetHints":{"allow":["GET"]}}],"collection":[{"href":"https:\/\/startrico.com.br\/noticias\/wp-json\/wp\/v2\/posts"}],"about":[{"href":"https:\/\/startrico.com.br\/noticias\/wp-json\/wp\/v2\/types\/post"}],"author":[{"embeddable":true,"href":"https:\/\/startrico.com.br\/noticias\/wp-json\/wp\/v2\/users\/1"}],"replies":[{"embeddable":true,"href":"https:\/\/startrico.com.br\/noticias\/wp-json\/wp\/v2\/comments?post=4169"}],"version-history":[{"count":0,"href":"https:\/\/startrico.com.br\/noticias\/wp-json\/wp\/v2\/posts\/4169\/revisions"}],"wp:featuredmedia":[{"embeddable":true,"href":"https:\/\/startrico.com.br\/noticias\/wp-json\/wp\/v2\/media\/4168"}],"wp:attachment":[{"href":"https:\/\/startrico.com.br\/noticias\/wp-json\/wp\/v2\/media?parent=4169"}],"wp:term":[{"taxonomy":"category","embeddable":true,"href":"https:\/\/startrico.com.br\/noticias\/wp-json\/wp\/v2\/categories?post=4169"},{"taxonomy":"post_tag","embeddable":true,"href":"https:\/\/startrico.com.br\/noticias\/wp-json\/wp\/v2\/tags?post=4169"}],"curies":[{"name":"wp","href":"https:\/\/api.w.org\/{rel}","templated":true}]}}