{"id":4188,"date":"2026-02-23T07:56:24","date_gmt":"2026-02-23T10:56:24","guid":{"rendered":"https:\/\/startrico.com.br\/noticias\/linha-de-montagem-do\/"},"modified":"2026-02-23T07:56:24","modified_gmt":"2026-02-23T10:56:24","slug":"linha-de-montagem-do","status":"publish","type":"post","link":"https:\/\/startrico.com.br\/noticias\/linha-de-montagem-do\/","title":{"rendered":"Linha De Montagem Do E175 Chega \u00c0 \u00cdndia Com Embraer"},"content":{"rendered":"<h2>Embraer e Grupo Adani firmam acordo para montagem do jato E175 na \u00cdndia<\/h2>\n<p>A Embraer, em parceria com o Grupo Adani, principal companhia indiana nos setores aeroespacial e de defesa, assinou um Memorando de Entendimento (MoU) ampliado para implantar uma linha de montagem final do jato regional E175 na \u00cdndia. Esse acordo faz parte do Programa de Aeronaves de Transporte Regional (RTA) do pa\u00eds.<\/p>\n<p>O documento foi formalizado por Francisco Gomes Neto, Presidente e CEO da Embraer, e Jeet Adani, Diretor da Adani Defence &#038; Aerospace, durante cerim\u00f4nia com a presen\u00e7a do presidente do Brasil, Luiz In\u00e1cio Lula da Silva, e do Ministro do Com\u00e9rcio e Ind\u00fastria da \u00cdndia, Piyush Goyal.<\/p>\n<h3>Parceria estrat\u00e9gica para o crescimento da avia\u00e7\u00e3o regional<\/h3>\n<p>Segundo os l\u00edderes das empresas, o objetivo principal dessa colabora\u00e7\u00e3o \u00e9 estabelecer a estrutura produtiva para fabrica\u00e7\u00e3o do E175 na \u00cdndia. Eles est\u00e3o trabalhando juntos para definir os detalhes espec\u00edficos do acordo.<\/p>\n<p>Francisco Gomes Neto destacou que o E175 possui um hist\u00f3rico s\u00f3lido de opera\u00e7\u00e3o em rotas regionais de alta frequ\u00eancia em variados mercados, e que a \u00cdndia se destaca como um dos pa\u00edses com maior potencial de crescimento neste segmento.<\/p>\n<p>Ele ressaltou que o memorando poder\u00e1 se transformar em contrato definitivo caso as encomendas atinjam cerca de 200 unidades, n\u00famero considerado ideal pela Embraer para consolidar a linha de montagem no pa\u00eds.<\/p>\n<p>O planejamento prev\u00ea que a montagem seja feita na \u00cdndia, utilizando componentes fabricados pela ind\u00fastria local. J\u00e1 est\u00e1 em curso, h\u00e1 cerca de um ano e meio, um processo para estruturar centros de treinamento, manuten\u00e7\u00e3o e todo o ecossistema necess\u00e1rio para garantir a opera\u00e7\u00e3o bem-sucedida dessas aeronaves, inclusive pela For\u00e7a A\u00e9rea Indiana.<\/p>\n<p>O executivo da Embraer ainda revelou que h\u00e1 a inten\u00e7\u00e3o de utilizar a \u00cdndia como base para atender mercados pr\u00f3ximos com o modelo E175.<\/p>\n<h3>Potencial de mercado e impacto local<\/h3>\n<p>Atualmente, a Embraer mant\u00e9m uma presen\u00e7a consolidada na \u00cdndia, com aproximadamente 50 aeronaves e 11 modelos em opera\u00e7\u00e3o, abrangendo os setores comercial, de defesa e avia\u00e7\u00e3o executiva.<\/p>\n<p>A \u00cdndia \u00e9 uma das regi\u00f5es que mais cresce no segmento de avia\u00e7\u00e3o em termos de tr\u00e1fego de passageiros, e possui uma demanda projetada para pelo menos 500 aeronaves com capacidade entre 80 e 146 assentos nos pr\u00f3ximos 20 anos. Essa previs\u00e3o reflete a crescente necessidade por conectividade regional, impulsionada por jatos menores e mais eficientes.<\/p>\n<p>Ashish Rajvanshi, Presidente e CEO da Adani Defence &#038; Aerospace, enfatizou que estruturar o segmento de jatos regionais na \u00cdndia \u00e9 um passo fundamental para tornar a avia\u00e7\u00e3o do pa\u00eds mais autossuficiente, promovendo a redu\u00e7\u00e3o das dist\u00e2ncias entre \u00e1reas urbanas e rurais, fomentando empregos qualificados e fortalecendo a ind\u00fastria aeroespacial indiana no cen\u00e1rio global.<\/p>\n<p>O modelo E175, com capacidade para at\u00e9 88 passageiros, \u00e9 apontado como ideal para explorar mercados ainda pouco atendidos em cidades pequenas e m\u00e9dias da \u00cdndia. O plano inclui facilitar novas rotas, ampliar a conectividade regional, garantir opera\u00e7\u00f5es confi\u00e1veis e acelerar o desenvolvimento da avia\u00e7\u00e3o regional no pa\u00eds.<\/p>\n<h3>Amplia\u00e7\u00e3o da presen\u00e7a industrial e parcerias<\/h3>\n<p>Este \u00e9 o segundo memorando que a Embraer assina na \u00cdndia recentemente. No dia anterior, a empresa firmou um MoU com a Hindalco Industries Limited, visando avaliar e desenvolver oportunidades comerciais, incluindo a potencial fabrica\u00e7\u00e3o local de mat\u00e9rias-primas de alum\u00ednio para uso aeroespacial. Essa iniciativa pretende dar suporte \u00e0s opera\u00e7\u00f5es industriais da Embraer na \u00cdndia e fortalecer sua cadeia local.<\/p>\n<p>O acordo com o Grupo Adani demonstra um movimento estrat\u00e9gico importante para a Embraer, alinhado com o crescimento acelerado do mercado indiano de avia\u00e7\u00e3o, que projeta uma demanda robusta por aeronaves regionais nas pr\u00f3ximas d\u00e9cadas.<\/p>\n<p><a href=\"https:\/\/exame.com\/economia\/embraer-e-adani-assinam-memorando-para-instalar-montagem-do-e175-na-india\/\" target=\"_blank\" rel=\"noopener\">Fonte<\/a><\/p>\n","protected":false},"excerpt":{"rendered":"<p>Linha de montagem do E175 na \u00cdndia fortalece avia\u00e7\u00e3o regional com parceria estrat\u00e9gica entre Embraer e Grupo Adani, ampliando produ\u00e7\u00e3o local.<\/p>\n","protected":false},"author":1,"featured_media":4187,"comment_status":"open","ping_status":"open","sticky":false,"template":"","format":"standard","meta":{"site-sidebar-layout":"default","site-content-layout":"","ast-site-content-layout":"default","site-content-style":"default","site-sidebar-style":"default","ast-global-header-display":"","ast-banner-title-visibility":"","ast-main-header-display":"","ast-hfb-above-header-display":"","ast-hfb-below-header-display":"","ast-hfb-mobile-header-display":"","site-post-title":"","ast-breadcrumbs-content":"","ast-featured-img":"","footer-sml-layout":"","theme-transparent-header-meta":"","adv-header-id-meta":"","stick-header-meta":"","header-above-stick-meta":"","header-main-stick-meta":"","header-below-stick-meta":"","astra-migrate-meta-layouts":"default","ast-page-background-enabled":"default","ast-page-background-meta":{"desktop":{"background-color":"var(--ast-global-color-5)","background-image":"","background-repeat":"repeat","background-position":"center center","background-size":"auto","background-attachment":"scroll","background-type":"","background-media":"","overlay-type":"","overlay-color":"","overlay-opacity":"","overlay-gradient":""},"tablet":{"background-color":"","background-image":"","background-repeat":"repeat","background-position":"center center","background-size":"auto","background-attachment":"scroll","background-type":"","background-media":"","overlay-type":"","overlay-color":"","overlay-opacity":"","overlay-gradient":""},"mobile":{"background-color":"","background-image":"","background-repeat":"repeat","background-position":"center center","background-size":"auto","background-attachment":"scroll","background-type":"","background-media":"","overlay-type":"","overlay-color":"","overlay-opacity":"","overlay-gradient":""}},"ast-content-background-meta":{"desktop":{"background-color":"var(--ast-global-color-4)","background-image":"","background-repeat":"repeat","background-position":"center center","background-size":"auto","background-attachment":"scroll","background-type":"","background-media":"","overlay-type":"","overlay-color":"","overlay-opacity":"","overlay-gradient":""},"tablet":{"background-color":"var(--ast-global-color-4)","background-image":"","background-repeat":"repeat","background-position":"center center","background-size":"auto","background-attachment":"scroll","background-type":"","background-media":"","overlay-type":"","overlay-color":"","overlay-opacity":"","overlay-gradient":""},"mobile":{"background-color":"var(--ast-global-color-4)","background-image":"","background-repeat":"repeat","background-position":"center center","background-size":"auto","background-attachment":"scroll","background-type":"","background-media":"","overlay-type":"","overlay-color":"","overlay-opacity":"","overlay-gradient":""}},"footnotes":""},"categories":[1],"tags":[],"class_list":["post-4188","post","type-post","status-publish","format-standard","has-post-thumbnail","hentry","category-ultimas"],"_links":{"self":[{"href":"https:\/\/startrico.com.br\/noticias\/wp-json\/wp\/v2\/posts\/4188","targetHints":{"allow":["GET"]}}],"collection":[{"href":"https:\/\/startrico.com.br\/noticias\/wp-json\/wp\/v2\/posts"}],"about":[{"href":"https:\/\/startrico.com.br\/noticias\/wp-json\/wp\/v2\/types\/post"}],"author":[{"embeddable":true,"href":"https:\/\/startrico.com.br\/noticias\/wp-json\/wp\/v2\/users\/1"}],"replies":[{"embeddable":true,"href":"https:\/\/startrico.com.br\/noticias\/wp-json\/wp\/v2\/comments?post=4188"}],"version-history":[{"count":0,"href":"https:\/\/startrico.com.br\/noticias\/wp-json\/wp\/v2\/posts\/4188\/revisions"}],"wp:featuredmedia":[{"embeddable":true,"href":"https:\/\/startrico.com.br\/noticias\/wp-json\/wp\/v2\/media\/4187"}],"wp:attachment":[{"href":"https:\/\/startrico.com.br\/noticias\/wp-json\/wp\/v2\/media?parent=4188"}],"wp:term":[{"taxonomy":"category","embeddable":true,"href":"https:\/\/startrico.com.br\/noticias\/wp-json\/wp\/v2\/categories?post=4188"},{"taxonomy":"post_tag","embeddable":true,"href":"https:\/\/startrico.com.br\/noticias\/wp-json\/wp\/v2\/tags?post=4188"}],"curies":[{"name":"wp","href":"https:\/\/api.w.org\/{rel}","templated":true}]}}