{"id":4192,"date":"2026-02-24T07:06:38","date_gmt":"2026-02-24T10:06:38","guid":{"rendered":"https:\/\/startrico.com.br\/noticias\/deputados-defendem-presidente-da\/"},"modified":"2026-02-24T07:06:38","modified_gmt":"2026-02-24T10:06:38","slug":"deputados-defendem-presidente-da","status":"publish","type":"post","link":"https:\/\/startrico.com.br\/noticias\/deputados-defendem-presidente-da\/","title":{"rendered":"Deputados Defendem Presidente da Alesp Para Vice de Tarc\u00edsio"},"content":{"rendered":"<h2>Deputados e Valdemar defendem presidente da Alesp como vice de Tarc\u00edsio<\/h2>\n<p>Parlamentares estaduais de S\u00e3o Paulo do PL e do Podemos est\u00e3o mobilizando assinaturas para apoiar a indica\u00e7\u00e3o do presidente da Assembleia Legislativa de S\u00e3o Paulo (Alesp), Andr\u00e9 do Prado (PL), como candidato a vice-governador na chapa \u00e0 reelei\u00e7\u00e3o do governador Tarc\u00edsio de Freitas (Republicanos). A iniciativa j\u00e1 conta com cerca de 20 apoios e o objetivo \u00e9 alcan\u00e7ar 40 assinaturas nas pr\u00f3ximas duas semanas para formalizar o documento em defesa de Andr\u00e9 do Prado.<\/p>\n<p>Valdemar Costa Neto, presidente do PL, afirmou que ele buscar\u00e1 garantir a vaga de vice para o partido, ressaltando que o PSD j\u00e1 ocupou a posi\u00e7\u00e3o em 2022. Valdemar salientou ainda que, apesar da decis\u00e3o depender de Tarc\u00edsio, considera Andr\u00e9 um nome forte para o posto, ressaltando a representatividade da bancada do PL na Assembleia.<\/p>\n<h3>Indefini\u00e7\u00e3o e pol\u00eamica sobre o nome do vice<\/h3>\n<p>Enquanto a disputa pela vaga de vice prossegue indefinida, outro cotado para compor a chapa \u00e9 Fel\u00edcio Ramuth (PSD), que exerce o cargo de vice-governador. No entanto, Ramuth enfrenta uma investiga\u00e7\u00e3o em Andorra sob suspeita de lavagem de dinheiro. Diante disso, Tarc\u00edsio classificou as acusa\u00e7\u00f5es como meras \u201cfofocas\u201d, minimizando o caso e citando que os valores investigados j\u00e1 constam na declara\u00e7\u00e3o de bens de Vanessa Ramuth, esposa do vice, desde 2009.<\/p>\n<p>Por outro lado, o presidente do PSD, Gilberto Kassab, ainda demonstra interesse na vaga, mesmo com um esfriamento na rela\u00e7\u00e3o com Tarc\u00edsio nas \u00faltimas semanas. Fontes pr\u00f3ximas indicam que Kassab pode n\u00e3o ficar com o posto de vice desta vez.<\/p>\n<h3>Conte\u00fado da carta e bastidores pol\u00edticos<\/h3>\n<p>A carta de apoio a Andr\u00e9 do Prado enfatiza seu perfil conciliador e lista projetos relevantes aprovados sob sua presid\u00eancia na Alesp, que ser\u00e3o destacados na campanha eleitoral. O texto teria sido elaborado pelo deputado F\u00e1bio Faria de S\u00e1 (Podemos), com apoio do deputado Thiago Auricchio (PL). De acordo com o deputado Alex Madureira (PL), que recolhe assinaturas, o documento ser\u00e1 entregue diretamente a Andr\u00e9 do Prado, evitando qualquer impress\u00e3o de press\u00e3o sobre o governador Tarc\u00edsio.<\/p>\n<p>Nos bastidores, alguns opositores \u00e0 candidatura de Andr\u00e9 apontam que o PL j\u00e1 estaria devidamente contemplado nas elei\u00e7\u00f5es pelo apoio de Tarc\u00edsio \u00e0 candidatura presidencial de Fl\u00e1vio Bolsonaro (PL), o que poderia enfraquecer a reivindica\u00e7\u00e3o pela vaga de vice.<\/p>\n<h3>Repercuss\u00f5es das investiga\u00e7\u00f5es sobre Ramuth<\/h3>\n<p>Tarc\u00edsio de Freitas declarou que n\u00e3o pretende comentar o inqu\u00e9rito envolvendo Fel\u00edcio Ramuth, destacando que o vice j\u00e1 prestou esclarecimentos \u00e0 Justi\u00e7a e \u00e0 imprensa sobre o assunto. O governador descreveu o epis\u00f3dio como antigo e ressaltou que acusa\u00e7\u00f5es desse tipo s\u00e3o comuns antes das elei\u00e7\u00f5es.<\/p>\n<p>Valdemar Costa Neto tamb\u00e9m comentou sobre o impacto das den\u00fancias, reconhecendo que podem enfraquecer a candidatura de Ramuth, mas acredita que Tarc\u00edsio ter\u00e1 interesse em escolher um vice que possua a maior bancada na Alesp, que atualmente \u00e9 do PL, com 20 deputados e perspectiva de crescer para cerca de 25 ou 26.<\/p>\n<p><img decoding=\"async\" src=\"https:\/\/www.infomoney.com.br\/wp-content\/uploads\/2025\/03\/Captura-de-tela-2025-03-15-164716.png?fit=580%2C570&#038;quality=70&#038;strip=all\" alt=\"Andr\u00e9 do Prado\" \/><\/p>\n<p><a href=\"https:\/\/www.infomoney.com.br\/mercados\/deputados-e-valdemar-defendem-presidente-da-alesp-para-vice-de-tarcisio\/\" target=\"_blank\" rel=\"noopener\">Fonte<\/a><\/p>\n","protected":false},"excerpt":{"rendered":"<p>Presidente da Alesp para vice de Tarc\u00edsio recebe apoio de deputados para fortalecer chapa de reelei\u00e7\u00e3o, destacando for\u00e7a pol\u00edtica e consenso interno.<\/p>\n","protected":false},"author":1,"featured_media":4191,"comment_status":"open","ping_status":"open","sticky":false,"template":"","format":"standard","meta":{"site-sidebar-layout":"default","site-content-layout":"","ast-site-content-layout":"default","site-content-style":"default","site-sidebar-style":"default","ast-global-header-display":"","ast-banner-title-visibility":"","ast-main-header-display":"","ast-hfb-above-header-display":"","ast-hfb-below-header-display":"","ast-hfb-mobile-header-display":"","site-post-title":"","ast-breadcrumbs-content":"","ast-featured-img":"","footer-sml-layout":"","theme-transparent-header-meta":"","adv-header-id-meta":"","stick-header-meta":"","header-above-stick-meta":"","header-main-stick-meta":"","header-below-stick-meta":"","astra-migrate-meta-layouts":"default","ast-page-background-enabled":"default","ast-page-background-meta":{"desktop":{"background-color":"var(--ast-global-color-5)","background-image":"","background-repeat":"repeat","background-position":"center center","background-size":"auto","background-attachment":"scroll","background-type":"","background-media":"","overlay-type":"","overlay-color":"","overlay-opacity":"","overlay-gradient":""},"tablet":{"background-color":"","background-image":"","background-repeat":"repeat","background-position":"center center","background-size":"auto","background-attachment":"scroll","background-type":"","background-media":"","overlay-type":"","overlay-color":"","overlay-opacity":"","overlay-gradient":""},"mobile":{"background-color":"","background-image":"","background-repeat":"repeat","background-position":"center center","background-size":"auto","background-attachment":"scroll","background-type":"","background-media":"","overlay-type":"","overlay-color":"","overlay-opacity":"","overlay-gradient":""}},"ast-content-background-meta":{"desktop":{"background-color":"var(--ast-global-color-4)","background-image":"","background-repeat":"repeat","background-position":"center center","background-size":"auto","background-attachment":"scroll","background-type":"","background-media":"","overlay-type":"","overlay-color":"","overlay-opacity":"","overlay-gradient":""},"tablet":{"background-color":"var(--ast-global-color-4)","background-image":"","background-repeat":"repeat","background-position":"center center","background-size":"auto","background-attachment":"scroll","background-type":"","background-media":"","overlay-type":"","overlay-color":"","overlay-opacity":"","overlay-gradient":""},"mobile":{"background-color":"var(--ast-global-color-4)","background-image":"","background-repeat":"repeat","background-position":"center center","background-size":"auto","background-attachment":"scroll","background-type":"","background-media":"","overlay-type":"","overlay-color":"","overlay-opacity":"","overlay-gradient":""}},"footnotes":""},"categories":[1],"tags":[],"class_list":["post-4192","post","type-post","status-publish","format-standard","has-post-thumbnail","hentry","category-ultimas"],"_links":{"self":[{"href":"https:\/\/startrico.com.br\/noticias\/wp-json\/wp\/v2\/posts\/4192","targetHints":{"allow":["GET"]}}],"collection":[{"href":"https:\/\/startrico.com.br\/noticias\/wp-json\/wp\/v2\/posts"}],"about":[{"href":"https:\/\/startrico.com.br\/noticias\/wp-json\/wp\/v2\/types\/post"}],"author":[{"embeddable":true,"href":"https:\/\/startrico.com.br\/noticias\/wp-json\/wp\/v2\/users\/1"}],"replies":[{"embeddable":true,"href":"https:\/\/startrico.com.br\/noticias\/wp-json\/wp\/v2\/comments?post=4192"}],"version-history":[{"count":0,"href":"https:\/\/startrico.com.br\/noticias\/wp-json\/wp\/v2\/posts\/4192\/revisions"}],"wp:featuredmedia":[{"embeddable":true,"href":"https:\/\/startrico.com.br\/noticias\/wp-json\/wp\/v2\/media\/4191"}],"wp:attachment":[{"href":"https:\/\/startrico.com.br\/noticias\/wp-json\/wp\/v2\/media?parent=4192"}],"wp:term":[{"taxonomy":"category","embeddable":true,"href":"https:\/\/startrico.com.br\/noticias\/wp-json\/wp\/v2\/categories?post=4192"},{"taxonomy":"post_tag","embeddable":true,"href":"https:\/\/startrico.com.br\/noticias\/wp-json\/wp\/v2\/tags?post=4192"}],"curies":[{"name":"wp","href":"https:\/\/api.w.org\/{rel}","templated":true}]}}