{"id":4214,"date":"2026-02-25T07:11:01","date_gmt":"2026-02-25T10:11:01","guid":{"rendered":"https:\/\/startrico.com.br\/noticias\/weg-investimento-revoluciona-industria\/"},"modified":"2026-02-25T07:11:01","modified_gmt":"2026-02-25T10:11:01","slug":"weg-investimento-revoluciona-industria","status":"publish","type":"post","link":"https:\/\/startrico.com.br\/noticias\/weg-investimento-revoluciona-industria\/","title":{"rendered":"WEG Investimento Revoluciona Ind\u00fastria De Baterias No Brasil"},"content":{"rendered":"<h2>WEG investe em nova f\u00e1brica para produ\u00e7\u00e3o de sistemas de armazenamento de energia<\/h2>\n<p>A WEG, considerada uma das maiores fabricantes mundiais de equipamentos el\u00e9tricos e conhecida por sua associa\u00e7\u00e3o a bilion\u00e1rios no Brasil, anunciou a constru\u00e7\u00e3o de uma unidade inovadora em Itaja\u00ed, no litoral norte de Santa Catarina. Essa ser\u00e1 a f\u00e1brica mais avan\u00e7ada do pa\u00eds no segmento de sistemas de armazenamento de energia em baterias, conhecidos pela sigla BESS (Battery Energy Storage System).<\/p>\n<p>Essa tecnologia oferece a capacidade fundamental de guardar energia gerada por fontes renov\u00e1veis, como solar e e\u00f3lica, especialmente em per\u00edodos de alta produ\u00e7\u00e3o. O sistema permite, portanto, o consumo desse recurso em momentos mais adequados, assegurando maior estabilidade e confiabilidade na distribui\u00e7\u00e3o de energia.<\/p>\n<h2>Detalhes do projeto e investimentos<\/h2>\n<p>O projeto da nova f\u00e1brica recebeu um aporte financeiro do Banco Nacional de Desenvolvimento Econ\u00f4mico e Social (BNDES) na ordem de R$ 280 milh\u00f5es, por meio do programa Mais Inova\u00e7\u00e3o. A fabrica\u00e7\u00e3o est\u00e1 prevista para gerar cerca de 90 empregos diretos e alcan\u00e7ar uma capacidade produtiva anual de at\u00e9 2 GWh, o que corresponde a aproximadamente 400 sistemas de armazenamento de 5 MWh cada.<\/p>\n<p>As obras ter\u00e3o in\u00edcio em breve, com previs\u00e3o de conclus\u00e3o para o segundo semestre de 2027, buscando consolidar o Brasil como um pa\u00eds competitivo na transi\u00e7\u00e3o energ\u00e9tica global ao ampliar a oferta de solu\u00e7\u00f5es tecnol\u00f3gicas de alto valor agregado desenvolvidas localmente.<\/p>\n<h2>Import\u00e2ncia do BESS para a energia renov\u00e1vel<\/h2>\n<p>Em um v\u00eddeo institucional, o vice-presidente de Tecnologia da WEG, Carlos Jos\u00e9 Bastos Grillo, ressaltou o papel estrat\u00e9gico dos sistemas BESS para acelerar a ado\u00e7\u00e3o das fontes renov\u00e1veis, como energia solar e e\u00f3lica, que t\u00eam gera\u00e7\u00e3o imprevis\u00edvel por dependerem das condi\u00e7\u00f5es naturais, como a disponibilidade de sol e vento.<\/p>\n<p>Ele explicou que o armazenamento viabiliza o uso dessa energia nos momentos mais convenientes para o consumo, em vez de apenas quando \u00e9 gerada, promovendo maior efici\u00eancia e confiabilidade para usinas de gera\u00e7\u00e3o, centrais de transmiss\u00e3o e distribui\u00e7\u00e3o, al\u00e9m de ind\u00fastrias e com\u00e9rcios.<\/p>\n<h2>Posicionamento estrat\u00e9gico da WEG e do Brasil<\/h2>\n<p>O presidente da WEG, Alberto Kuba, afirmou que o investimento est\u00e1 alinhado com a estrat\u00e9gia de ampliar a participa\u00e7\u00e3o da empresa e do Brasil diante da transi\u00e7\u00e3o energ\u00e9tica mundial. Ele destacou que a nova unidade fortalecer\u00e1 a oferta de solu\u00e7\u00f5es de alto valor agregado fabricadas no pa\u00eds, contribuindo para a seguran\u00e7a energ\u00e9tica e aumentando a resist\u00eancia da rede el\u00e9trica nacional.<\/p>\n<h2>Trajet\u00f3ria da WEG<\/h2>\n<p>Fundada em 1961, a WEG possui filial em 41 pa\u00edses e iniciou suas opera\u00e7\u00f5es produzindo exclusivamente motores el\u00e9tricos. Com o passar das d\u00e9cadas, especialmente a partir da d\u00e9cada de 1980, ampliou sua gama de produtos, atualmente fornecendo sistemas el\u00e9tricos industriais completos e se consolidando como um importante player global no setor el\u00e9trico.<\/p>\n<p><a href=\"https:\/\/g1.globo.com\/sc\/santa-catarina\/noticia\/2026\/02\/25\/weg-fabrica-bilionarios-sc-investe-industria-baterias-armazenar-energia-renovavel.ghtml\" target=\"_blank\" rel=\"noopener\">Fonte<\/a><\/p>\n","protected":false},"excerpt":{"rendered":"<p>Ind\u00fastria de baterias da WEG recebe R$ 280 milh\u00f5es para f\u00e1brica avan\u00e7ada em Santa Catarina, com foco em armazenamento de energia renov\u00e1vel e gera\u00e7\u00e3o de empregos.<\/p>\n","protected":false},"author":1,"featured_media":4213,"comment_status":"open","ping_status":"open","sticky":false,"template":"","format":"standard","meta":{"site-sidebar-layout":"default","site-content-layout":"","ast-site-content-layout":"default","site-content-style":"default","site-sidebar-style":"default","ast-global-header-display":"","ast-banner-title-visibility":"","ast-main-header-display":"","ast-hfb-above-header-display":"","ast-hfb-below-header-display":"","ast-hfb-mobile-header-display":"","site-post-title":"","ast-breadcrumbs-content":"","ast-featured-img":"","footer-sml-layout":"","theme-transparent-header-meta":"","adv-header-id-meta":"","stick-header-meta":"","header-above-stick-meta":"","header-main-stick-meta":"","header-below-stick-meta":"","astra-migrate-meta-layouts":"default","ast-page-background-enabled":"default","ast-page-background-meta":{"desktop":{"background-color":"var(--ast-global-color-5)","background-image":"","background-repeat":"repeat","background-position":"center center","background-size":"auto","background-attachment":"scroll","background-type":"","background-media":"","overlay-type":"","overlay-color":"","overlay-opacity":"","overlay-gradient":""},"tablet":{"background-color":"","background-image":"","background-repeat":"repeat","background-position":"center center","background-size":"auto","background-attachment":"scroll","background-type":"","background-media":"","overlay-type":"","overlay-color":"","overlay-opacity":"","overlay-gradient":""},"mobile":{"background-color":"","background-image":"","background-repeat":"repeat","background-position":"center center","background-size":"auto","background-attachment":"scroll","background-type":"","background-media":"","overlay-type":"","overlay-color":"","overlay-opacity":"","overlay-gradient":""}},"ast-content-background-meta":{"desktop":{"background-color":"var(--ast-global-color-4)","background-image":"","background-repeat":"repeat","background-position":"center center","background-size":"auto","background-attachment":"scroll","background-type":"","background-media":"","overlay-type":"","overlay-color":"","overlay-opacity":"","overlay-gradient":""},"tablet":{"background-color":"var(--ast-global-color-4)","background-image":"","background-repeat":"repeat","background-position":"center center","background-size":"auto","background-attachment":"scroll","background-type":"","background-media":"","overlay-type":"","overlay-color":"","overlay-opacity":"","overlay-gradient":""},"mobile":{"background-color":"var(--ast-global-color-4)","background-image":"","background-repeat":"repeat","background-position":"center center","background-size":"auto","background-attachment":"scroll","background-type":"","background-media":"","overlay-type":"","overlay-color":"","overlay-opacity":"","overlay-gradient":""}},"footnotes":""},"categories":[1],"tags":[],"class_list":["post-4214","post","type-post","status-publish","format-standard","has-post-thumbnail","hentry","category-ultimas"],"_links":{"self":[{"href":"https:\/\/startrico.com.br\/noticias\/wp-json\/wp\/v2\/posts\/4214","targetHints":{"allow":["GET"]}}],"collection":[{"href":"https:\/\/startrico.com.br\/noticias\/wp-json\/wp\/v2\/posts"}],"about":[{"href":"https:\/\/startrico.com.br\/noticias\/wp-json\/wp\/v2\/types\/post"}],"author":[{"embeddable":true,"href":"https:\/\/startrico.com.br\/noticias\/wp-json\/wp\/v2\/users\/1"}],"replies":[{"embeddable":true,"href":"https:\/\/startrico.com.br\/noticias\/wp-json\/wp\/v2\/comments?post=4214"}],"version-history":[{"count":0,"href":"https:\/\/startrico.com.br\/noticias\/wp-json\/wp\/v2\/posts\/4214\/revisions"}],"wp:featuredmedia":[{"embeddable":true,"href":"https:\/\/startrico.com.br\/noticias\/wp-json\/wp\/v2\/media\/4213"}],"wp:attachment":[{"href":"https:\/\/startrico.com.br\/noticias\/wp-json\/wp\/v2\/media?parent=4214"}],"wp:term":[{"taxonomy":"category","embeddable":true,"href":"https:\/\/startrico.com.br\/noticias\/wp-json\/wp\/v2\/categories?post=4214"},{"taxonomy":"post_tag","embeddable":true,"href":"https:\/\/startrico.com.br\/noticias\/wp-json\/wp\/v2\/tags?post=4214"}],"curies":[{"name":"wp","href":"https:\/\/api.w.org\/{rel}","templated":true}]}}