{"id":4248,"date":"2026-02-26T07:47:12","date_gmt":"2026-02-26T10:47:12","guid":{"rendered":"https:\/\/startrico.com.br\/noticias\/stihl-cresce-25-e\/"},"modified":"2026-02-26T07:47:12","modified_gmt":"2026-02-26T10:47:12","slug":"stihl-cresce-25-e","status":"publish","type":"post","link":"https:\/\/startrico.com.br\/noticias\/stihl-cresce-25-e\/","title":{"rendered":"Stihl Cresce 25% E Registra Recorde De Faturamento No Brasil"},"content":{"rendered":"<h2>Stihl registra crescimento de 25% no Brasil e alcan\u00e7a recorde hist\u00f3rico de faturamento de R$ 4 bilh\u00f5es<\/h2>\n<p>A opera\u00e7\u00e3o da Stihl no Brasil, gigante no segmento de motosserras e ferramentas motorizadas port\u00e1teis, encerrou 2025 com um faturamento recorde de 4 bilh\u00f5es de reais, representando o maior resultado j\u00e1 conquistado pela empresa no pa\u00eds.<\/p>\n<p>Esse avan\u00e7o corresponde a um aumento de 25% em rela\u00e7\u00e3o ao ano anterior e evidencia o crescimento significativo da subsidi\u00e1ria no mercado nacional.<\/p>\n<h3>Import\u00e2ncia da subsidi\u00e1ria brasileira para o grupo global<\/h3>\n<p>O Brasil \u00e9 uma das unidades mais expressivas dentro do grupo alem\u00e3o, que est\u00e1 se preparando para celebrar seu centen\u00e1rio em 2026. A f\u00e1brica situada em S\u00e3o Leopoldo, na regi\u00e3o metropolitana de Porto Alegre, abastece 73 pa\u00edses ao redor do mundo e \u00e9 respons\u00e1vel pela produ\u00e7\u00e3o dos cilindros de motores utilizados em 90% dos equipamentos a combust\u00e3o da marca.<\/p>\n<p>Esse desempenho fortalece a tend\u00eancia de crescimento orientada pelas exporta\u00e7\u00f5es e pela maior integra\u00e7\u00e3o regional. Em 2024, o faturamento registrado foi de 3,2 bilh\u00f5es de reais.<\/p>\n<h3>Expans\u00e3o e estrat\u00e9gias adotadas<\/h3>\n<p>Cl\u00e1udio Guenther, presidente da Stihl para a Am\u00e9rica Latina, destaca que alcan\u00e7ar os 4 bilh\u00f5es em faturamento reflete tanto o volume quanto a efic\u00e1cia estrat\u00e9gia da companhia. Ele aponta que inova\u00e7\u00f5es no portf\u00f3lio de produtos, diversifica\u00e7\u00e3o dos canais de venda, crescimento do e-commerce e campanhas constantes refor\u00e7aram a presen\u00e7a da marca no mercado.<\/p>\n<p>Para seguir crescendo, a empresa prev\u00ea lan\u00e7ar 16 novos produtos no Brasil em 2026, contemplando equipamentos a bateria, el\u00e9tricos e a combust\u00e3o. Ademais, pretende investir 101 milh\u00f5es de reais em tecnologia, automa\u00e7\u00e3o, al\u00e9m da capacita\u00e7\u00e3o de colaboradores e revendedores.<\/p>\n<h3>Exporta\u00e7\u00f5es como propulsor do crescimento<\/h3>\n<p>O principal impulso para o aumento de 25% foi dado pelas vendas externas. A opera\u00e7\u00e3o brasileira exporta para 73 pa\u00edses e representa aproximadamente metade da produ\u00e7\u00e3o nacional da Stihl.<\/p>\n<p>A forte depend\u00eancia das exporta\u00e7\u00f5es contribui para minimizar os riscos do mercado interno \u2014 especialmente em um cen\u00e1rio de juros elevados e cr\u00e9dito mais restrito, que impacta o agroneg\u00f3cio, o principal segmento atendido pelos mais de 5,2 mil pontos de venda da marca no Brasil.<\/p>\n<p>Por outro lado, a abertura aos mercados internacionais aumenta a exposi\u00e7\u00e3o \u00e0s varia\u00e7\u00f5es cambiais e \u00e0s oscila\u00e7\u00f5es da demanda global.<\/p>\n<p>Como parte da inten\u00e7\u00e3o de fortalecer sua atua\u00e7\u00e3o regional, foi inaugurado em meados de 2025 o Hub Latam, uma estrutura que centraliza a gest\u00e3o de 32 pa\u00edses da Am\u00e9rica Latina e do Caribe, com sede em S\u00e3o Leopoldo. Guenther acumula as fun\u00e7\u00f5es de presidente da opera\u00e7\u00e3o brasileira e da regional.<\/p>\n<p>Segundo Guenther, essa organiza\u00e7\u00e3o regional proporciona maior foco, colabora\u00e7\u00e3o e efici\u00eancia, permitindo a capta\u00e7\u00e3o de oportunidades em pa\u00edses como Argentina, Col\u00f4mbia e Peru, que t\u00eam apresentado crescimento relevante.<\/p>\n<h3>F\u00e1brica e sustentabilidade: transi\u00e7\u00e3o para o biometano<\/h3>\n<p>Al\u00e9m dos bons resultados comerciais, 2025 tamb\u00e9m marcou a ado\u00e7\u00e3o do biometano como fonte de abastecimento na unidade ga\u00facha, em parceria com a Ultragaz. O combust\u00edvel renov\u00e1vel substitui parte do g\u00e1s natural f\u00f3ssil usado na produ\u00e7\u00e3o.<\/p>\n<p>Essa iniciativa deve reduzir anualmente em 4.080 toneladas as emiss\u00f5es de CO\u2082, com cerca de dois ter\u00e7os do g\u00e1s consumido pela f\u00e1brica vindo de fontes sustent\u00e1veis.<\/p>\n<p>Guenther explica que a Stihl estabeleceu a meta global de diminuir em 40% o uso de energia f\u00f3ssil at\u00e9 2030, compromisso que ser\u00e1 atingido j\u00e1 em 2026. Ap\u00f3s an\u00e1lises de diversas op\u00e7\u00f5es, o biometano foi escolhido como solu\u00e7\u00e3o que alinha sustentabilidade, viabilidade t\u00e9cnica e econ\u00f4mica, al\u00e9m de garantir seguran\u00e7a no fornecimento.<\/p>\n<p>O g\u00e1s \u00e9 aplicado em processos como fus\u00e3o de alum\u00ednio e gera\u00e7\u00e3o de energia t\u00e9rmica, com perspectiva futura de expans\u00e3o para a frota log\u00edstica da empresa.<\/p>\n<h3>Equil\u00edbrio entre motores a combust\u00e3o e portf\u00f3lio el\u00e9trico<\/h3>\n<p>Celebrando o centen\u00e1rio global, a Stihl refor\u00e7a sua estrat\u00e9gia de &#8220;dupla lideran\u00e7a tecnol\u00f3gica&#8221;, mantendo a tradi\u00e7\u00e3o em motores a combust\u00e3o enquanto amplia o portf\u00f3lio de equipamentos el\u00e9tricos.<\/p>\n<p>Dr. Nikolas Stihl, presidente do conselho da companhia, ressalta que para alcan\u00e7ar um s\u00e9culo de exist\u00eancia \u00e9 necess\u00e1rio respeitar as origens e, simultaneamente, adaptar-se \u00e0s transforma\u00e7\u00f5es, iniciando novos cap\u00edtulos.<\/p>\n<p>No Brasil, o portf\u00f3lio disp\u00f5e de 124 solu\u00e7\u00f5es. Embora a participa\u00e7\u00e3o dos equipamentos a bateria ainda seja inferior \u00e0 da Europa \u2014 onde a ades\u00e3o \u00e9 mais acelerada \u2014 a empresa continua avan\u00e7ando em ambas as tecnologias.<\/p>\n<p>O desafio est\u00e1 em harmonizar custo, autonomia e a mudan\u00e7a de h\u00e1bitos do consumidor, especialmente no meio rural, onde jornadas longas favorecem a prefer\u00eancia por motores a combust\u00e3o.<\/p>\n<h3>Perspectivas para 2026 e desafios futuros<\/h3>\n<p>Com um quadro de aproximadamente 3,4 mil colaboradores no Brasil, tr\u00eas centros de distribui\u00e7\u00e3o e presen\u00e7a em mais de 160 pa\u00edses, a Stihl entra em 2026 com a dupla conquista do centen\u00e1rio e do maior faturamento da hist\u00f3ria no pa\u00eds.<\/p>\n<p>O desafio agora consiste em manter esse ritmo em um ambiente global ainda inseguro e demonstrar que o recorde registrado n\u00e3o representa um caso isolado, mas sim um novo patamar de produ\u00e7\u00e3o e escala para a companhia.<\/p>\n<p><a href=\"https:\/\/exame.com\/negocios\/stihl-cresce-25-no-brasil-e-atinge-maior-faturamento-da-historia-r-4-bilhoes\" target=\"_blank\" rel=\"noopener\">Fonte<\/a><\/p>\n","protected":false},"excerpt":{"rendered":"<p>Stihl crescimento Brasil atinge R$ 4 bilh\u00f5es em faturamento, refletindo expans\u00e3o de 25% com forte atua\u00e7\u00e3o em exporta\u00e7\u00f5es e inova\u00e7\u00f5es.<\/p>\n","protected":false},"author":1,"featured_media":4247,"comment_status":"open","ping_status":"open","sticky":false,"template":"","format":"standard","meta":{"site-sidebar-layout":"default","site-content-layout":"","ast-site-content-layout":"default","site-content-style":"default","site-sidebar-style":"default","ast-global-header-display":"","ast-banner-title-visibility":"","ast-main-header-display":"","ast-hfb-above-header-display":"","ast-hfb-below-header-display":"","ast-hfb-mobile-header-display":"","site-post-title":"","ast-breadcrumbs-content":"","ast-featured-img":"","footer-sml-layout":"","theme-transparent-header-meta":"","adv-header-id-meta":"","stick-header-meta":"","header-above-stick-meta":"","header-main-stick-meta":"","header-below-stick-meta":"","astra-migrate-meta-layouts":"default","ast-page-background-enabled":"default","ast-page-background-meta":{"desktop":{"background-color":"var(--ast-global-color-5)","background-image":"","background-repeat":"repeat","background-position":"center center","background-size":"auto","background-attachment":"scroll","background-type":"","background-media":"","overlay-type":"","overlay-color":"","overlay-opacity":"","overlay-gradient":""},"tablet":{"background-color":"","background-image":"","background-repeat":"repeat","background-position":"center center","background-size":"auto","background-attachment":"scroll","background-type":"","background-media":"","overlay-type":"","overlay-color":"","overlay-opacity":"","overlay-gradient":""},"mobile":{"background-color":"","background-image":"","background-repeat":"repeat","background-position":"center center","background-size":"auto","background-attachment":"scroll","background-type":"","background-media":"","overlay-type":"","overlay-color":"","overlay-opacity":"","overlay-gradient":""}},"ast-content-background-meta":{"desktop":{"background-color":"var(--ast-global-color-4)","background-image":"","background-repeat":"repeat","background-position":"center center","background-size":"auto","background-attachment":"scroll","background-type":"","background-media":"","overlay-type":"","overlay-color":"","overlay-opacity":"","overlay-gradient":""},"tablet":{"background-color":"var(--ast-global-color-4)","background-image":"","background-repeat":"repeat","background-position":"center center","background-size":"auto","background-attachment":"scroll","background-type":"","background-media":"","overlay-type":"","overlay-color":"","overlay-opacity":"","overlay-gradient":""},"mobile":{"background-color":"var(--ast-global-color-4)","background-image":"","background-repeat":"repeat","background-position":"center center","background-size":"auto","background-attachment":"scroll","background-type":"","background-media":"","overlay-type":"","overlay-color":"","overlay-opacity":"","overlay-gradient":""}},"footnotes":""},"categories":[1],"tags":[],"class_list":["post-4248","post","type-post","status-publish","format-standard","has-post-thumbnail","hentry","category-ultimas"],"_links":{"self":[{"href":"https:\/\/startrico.com.br\/noticias\/wp-json\/wp\/v2\/posts\/4248","targetHints":{"allow":["GET"]}}],"collection":[{"href":"https:\/\/startrico.com.br\/noticias\/wp-json\/wp\/v2\/posts"}],"about":[{"href":"https:\/\/startrico.com.br\/noticias\/wp-json\/wp\/v2\/types\/post"}],"author":[{"embeddable":true,"href":"https:\/\/startrico.com.br\/noticias\/wp-json\/wp\/v2\/users\/1"}],"replies":[{"embeddable":true,"href":"https:\/\/startrico.com.br\/noticias\/wp-json\/wp\/v2\/comments?post=4248"}],"version-history":[{"count":0,"href":"https:\/\/startrico.com.br\/noticias\/wp-json\/wp\/v2\/posts\/4248\/revisions"}],"wp:featuredmedia":[{"embeddable":true,"href":"https:\/\/startrico.com.br\/noticias\/wp-json\/wp\/v2\/media\/4247"}],"wp:attachment":[{"href":"https:\/\/startrico.com.br\/noticias\/wp-json\/wp\/v2\/media?parent=4248"}],"wp:term":[{"taxonomy":"category","embeddable":true,"href":"https:\/\/startrico.com.br\/noticias\/wp-json\/wp\/v2\/categories?post=4248"},{"taxonomy":"post_tag","embeddable":true,"href":"https:\/\/startrico.com.br\/noticias\/wp-json\/wp\/v2\/tags?post=4248"}],"curies":[{"name":"wp","href":"https:\/\/api.w.org\/{rel}","templated":true}]}}