{"id":4250,"date":"2026-02-26T07:56:22","date_gmt":"2026-02-26T10:56:22","guid":{"rendered":"https:\/\/startrico.com.br\/noticias\/haddad-defende-aumento-do\/"},"modified":"2026-02-26T07:56:22","modified_gmt":"2026-02-26T10:56:22","slug":"haddad-defende-aumento-do","status":"publish","type":"post","link":"https:\/\/startrico.com.br\/noticias\/haddad-defende-aumento-do\/","title":{"rendered":"Haddad Defende Aumento Do Imposto De Importa\u00e7\u00e3o Sobre Produtos"},"content":{"rendered":"<h2>Fernando Haddad defende aumento do Imposto de Importa\u00e7\u00e3o sobre mais de mil produtos<\/h2>\n<p>O ministro da Fazenda, Fernando Haddad, manifestou na quarta-feira, 25, seu apoio \u00e0 eleva\u00e7\u00e3o do Imposto de Importa\u00e7\u00e3o que incide sobre 1.252 itens, incluindo celulares, televisores, computadores e componentes essenciais para data centers, como CPUs.<\/p>\n<p>Essa medida, aprovada recentemente pela C\u00e2mara de Com\u00e9rcio Exterior, passar\u00e1 a valer a partir de mar\u00e7o e pode elevar as al\u00edquotas das tarifas em at\u00e9 7,2 pontos percentuais, variando conforme a categoria do produto.<\/p>\n<p>De acordo com Haddad, mais de 90% desses produtos possuem fabrica\u00e7\u00e3o nacional, o que justifica, segundo o governo, o aumento das tarifas como instrumento para proteger a ind\u00fastria brasileira de concorr\u00eancia desleal, especialmente diante de importa\u00e7\u00f5es com pre\u00e7os abaixo do custo.<\/p>\n<p>O objetivo desse ajuste \u00e9 fortalecer a ind\u00fastria nacional frente a pr\u00e1ticas consideradas desleais no com\u00e9rcio internacional, conforme ressaltado pelo ministro.<\/p>\n<p>O Minist\u00e9rio do Desenvolvimento, Ind\u00fastria e Com\u00e9rcio Exterior ter\u00e1 a flexibilidade para ajustar essas tarifas conforme necess\u00e1rio, inclusive podendo zer\u00e1-las em situa\u00e7\u00f5es espec\u00edficas. Os produtos afetados abrangem desde computadores e celulares at\u00e9 equipamentos de telecomunica\u00e7\u00f5es e m\u00e1quinas, enquanto bens sem produ\u00e7\u00e3o local continuar\u00e3o isentos de tarifas.<\/p>\n<p>Contudo, representantes dos setores que dependem intensamente de tecnologia manifestaram preocupa\u00e7\u00f5es, apontando riscos de eleva\u00e7\u00e3o dos custos na cadeia produtiva, poss\u00edveis impactos em investimentos e dificuldades no fornecimento de insumos. O governo argumenta que regimes especiais e exce\u00e7\u00f5es est\u00e3o previstos para minimizar os impactos sobre pre\u00e7os e produ\u00e7\u00e3o.<\/p>\n<h2>Discuss\u00e3o sobre supersal\u00e1rios no servi\u00e7o p\u00fablico e seus custos<\/h2>\n<p>No mesmo dia, Haddad comentou sobre o custo anual estimado em cerca de R$ 20 bilh\u00f5es com supersal\u00e1rios no setor p\u00fablico federal, estadual e municipal, defendendo a necessidade de regulamenta\u00e7\u00e3o dos limites dessas remunera\u00e7\u00f5es, tendo como refer\u00eancia pontos da Reforma Administrativa que est\u00e1 atualmente em an\u00e1lise pelo Congresso.<\/p>\n<p>Esse tema tamb\u00e9m est\u00e1 em debate no Supremo Tribunal Federal, que iniciou o julgamento de a\u00e7\u00f5es relacionadas \u00e0 suspens\u00e3o de verbas indenizat\u00f3rias que n\u00e3o possuem previs\u00e3o legal e que elevam os sal\u00e1rios al\u00e9m do teto constitucional.<\/p>\n<p>O ministro ressaltou que \u00e9 poss\u00edvel reduzir as despesas com essas chamadas &#8220;penduricalhos&#8221; a n\u00edveis que apenas contemplem indeniza\u00e7\u00f5es leg\u00edtimas, sugerindo que a regula\u00e7\u00e3o poderia ser realizada atrav\u00e9s de legisla\u00e7\u00e3o espec\u00edfica.<\/p>\n<p>Atualmente, o teto salarial do funcionalismo \u00e9 o vencimento dos ministros do STF, que \u00e9 de R$ 46,3 mil. No entanto, pagamentos classific\u00e1veis como indenizat\u00f3rios t\u00eam permitido que determinados servidores recebam valores superiores a esse limite em diferentes \u00f3rg\u00e3os p\u00fablicos.<\/p>\n<p>Recentemente, ministros do STF, como Fl\u00e1vio Dino e Gilmar Mendes, determinaram a suspens\u00e3o de pagamentos sem base legal e condicionaram a concess\u00e3o dessas indeniza\u00e7\u00f5es \u00e0 exist\u00eancia de uma lei aprovada pelo Congresso.<\/p>\n<p>O presidente da Corte, Edson Fachin, destacou a urg\u00eancia na discuss\u00e3o do assunto. Para tanto, foi criado um grupo de trabalho com representantes dos Tr\u00eas Poderes que visa elaborar uma proposta de regulamenta\u00e7\u00e3o e definir regras de transi\u00e7\u00e3o para estas situa\u00e7\u00f5es.<\/p>\n<p><a href=\"https:\/\/exame.com\/economia\/haddad-defende-aumento-do-imposto-de-importacao-sobre-12-mil-produtos\/\" target=\"_blank\" rel=\"noopener\">Fonte<\/a><\/p>\n","protected":false},"excerpt":{"rendered":"<p>Imposto de Importa\u00e7\u00e3o \u00e9 defendido por Haddad para elevar tarifas e fortalecer a ind\u00fastria nacional contra a concorr\u00eancia desleal no com\u00e9rcio exterior.<\/p>\n","protected":false},"author":1,"featured_media":4249,"comment_status":"open","ping_status":"open","sticky":false,"template":"","format":"standard","meta":{"site-sidebar-layout":"default","site-content-layout":"","ast-site-content-layout":"default","site-content-style":"default","site-sidebar-style":"default","ast-global-header-display":"","ast-banner-title-visibility":"","ast-main-header-display":"","ast-hfb-above-header-display":"","ast-hfb-below-header-display":"","ast-hfb-mobile-header-display":"","site-post-title":"","ast-breadcrumbs-content":"","ast-featured-img":"","footer-sml-layout":"","theme-transparent-header-meta":"","adv-header-id-meta":"","stick-header-meta":"","header-above-stick-meta":"","header-main-stick-meta":"","header-below-stick-meta":"","astra-migrate-meta-layouts":"default","ast-page-background-enabled":"default","ast-page-background-meta":{"desktop":{"background-color":"var(--ast-global-color-5)","background-image":"","background-repeat":"repeat","background-position":"center center","background-size":"auto","background-attachment":"scroll","background-type":"","background-media":"","overlay-type":"","overlay-color":"","overlay-opacity":"","overlay-gradient":""},"tablet":{"background-color":"","background-image":"","background-repeat":"repeat","background-position":"center center","background-size":"auto","background-attachment":"scroll","background-type":"","background-media":"","overlay-type":"","overlay-color":"","overlay-opacity":"","overlay-gradient":""},"mobile":{"background-color":"","background-image":"","background-repeat":"repeat","background-position":"center center","background-size":"auto","background-attachment":"scroll","background-type":"","background-media":"","overlay-type":"","overlay-color":"","overlay-opacity":"","overlay-gradient":""}},"ast-content-background-meta":{"desktop":{"background-color":"var(--ast-global-color-4)","background-image":"","background-repeat":"repeat","background-position":"center center","background-size":"auto","background-attachment":"scroll","background-type":"","background-media":"","overlay-type":"","overlay-color":"","overlay-opacity":"","overlay-gradient":""},"tablet":{"background-color":"var(--ast-global-color-4)","background-image":"","background-repeat":"repeat","background-position":"center center","background-size":"auto","background-attachment":"scroll","background-type":"","background-media":"","overlay-type":"","overlay-color":"","overlay-opacity":"","overlay-gradient":""},"mobile":{"background-color":"var(--ast-global-color-4)","background-image":"","background-repeat":"repeat","background-position":"center center","background-size":"auto","background-attachment":"scroll","background-type":"","background-media":"","overlay-type":"","overlay-color":"","overlay-opacity":"","overlay-gradient":""}},"footnotes":""},"categories":[1],"tags":[],"class_list":["post-4250","post","type-post","status-publish","format-standard","has-post-thumbnail","hentry","category-ultimas"],"_links":{"self":[{"href":"https:\/\/startrico.com.br\/noticias\/wp-json\/wp\/v2\/posts\/4250","targetHints":{"allow":["GET"]}}],"collection":[{"href":"https:\/\/startrico.com.br\/noticias\/wp-json\/wp\/v2\/posts"}],"about":[{"href":"https:\/\/startrico.com.br\/noticias\/wp-json\/wp\/v2\/types\/post"}],"author":[{"embeddable":true,"href":"https:\/\/startrico.com.br\/noticias\/wp-json\/wp\/v2\/users\/1"}],"replies":[{"embeddable":true,"href":"https:\/\/startrico.com.br\/noticias\/wp-json\/wp\/v2\/comments?post=4250"}],"version-history":[{"count":0,"href":"https:\/\/startrico.com.br\/noticias\/wp-json\/wp\/v2\/posts\/4250\/revisions"}],"wp:featuredmedia":[{"embeddable":true,"href":"https:\/\/startrico.com.br\/noticias\/wp-json\/wp\/v2\/media\/4249"}],"wp:attachment":[{"href":"https:\/\/startrico.com.br\/noticias\/wp-json\/wp\/v2\/media?parent=4250"}],"wp:term":[{"taxonomy":"category","embeddable":true,"href":"https:\/\/startrico.com.br\/noticias\/wp-json\/wp\/v2\/categories?post=4250"},{"taxonomy":"post_tag","embeddable":true,"href":"https:\/\/startrico.com.br\/noticias\/wp-json\/wp\/v2\/tags?post=4250"}],"curies":[{"name":"wp","href":"https:\/\/api.w.org\/{rel}","templated":true}]}}