{"id":4254,"date":"2026-02-27T07:06:35","date_gmt":"2026-02-27T10:06:35","guid":{"rendered":"https:\/\/startrico.com.br\/noticias\/flavio-e-tarcisio-definem\/"},"modified":"2026-02-27T07:06:35","modified_gmt":"2026-02-27T10:06:35","slug":"flavio-e-tarcisio-definem","status":"publish","type":"post","link":"https:\/\/startrico.com.br\/noticias\/flavio-e-tarcisio-definem\/","title":{"rendered":"Fl\u00e1vio E Tarc\u00edsio Definem Palanques Em S\u00e3o Paulo Pelo PL"},"content":{"rendered":"<h2>Fl\u00e1vio Bolsonaro e Tarc\u00edsio de Freitas discutem palanques em S\u00e3o Paulo em meio \u00e0 atua\u00e7\u00e3o intensa do PL<\/h2>\n<p>O senador Fl\u00e1vio Bolsonaro (PL-SP), que est\u00e1 na pr\u00e9-campanha para a presid\u00eancia da Rep\u00fablica, realizou nesta sexta-feira (27) uma reuni\u00e3o com o governador de S\u00e3o Paulo, Tarc\u00edsio de Freitas (Republicanos). O encontro aconteceu no Pal\u00e1cio dos Bandeirantes, sede do governo estadual, em ambiente restrito e sem a presen\u00e7a da imprensa. Tamb\u00e9m participou do encontro o senador Rog\u00e9rio Marinho (PL-RN).<\/p>\n<p>Ap\u00f3s esse primeiro compromisso, os tr\u00eas seguiram para a Assembleia Legislativa de S\u00e3o Paulo, pr\u00f3xima ao Parque Ibirapuera, onde ocorreu uma homenagem ao presidente nacional do PL, Valdemar Costa Neto. Ambos, Fl\u00e1vio e Tarc\u00edsio, devem fazer pronunciamentos na Assembleia Legislativa.<\/p>\n<h3>Discuss\u00e3o sobre estrat\u00e9gias eleitorais e defini\u00e7\u00f5es de candidaturas<\/h3>\n<p>Durante esse encontro, Fl\u00e1vio e Tarc\u00edsio tiveram como objetivo principal alinhar as estrat\u00e9gias das campanhas que ter\u00e3o in\u00edcio em breve. Entre os temas em pauta, estavam a configura\u00e7\u00e3o dos palanques estaduais, al\u00e9m da escolha de candidaturas que ainda n\u00e3o foram definidas, como o nome para a segunda vaga ao Senado, j\u00e1 que a primeira est\u00e1 ocupada por Guilherme Derrite (PP-SP). Outro ponto importante foi a disputa pelo posto de vice-governador, atualmente cobi\u00e7ado pelo PSD e PL, com este \u00faltimo pressionando pela indica\u00e7\u00e3o de Andr\u00e9 do Prado, presidente da Assembleia Legislativa de S\u00e3o Paulo.<\/p>\n<h3>Apoio e proje\u00e7\u00e3o pol\u00edtica<\/h3>\n<p>Tarc\u00edsio declarou nesta semana que est\u00e1 otimista com a reuni\u00e3o e ressaltou o compromisso de auxiliar na campanha de Fl\u00e1vio. \u201cSer\u00e1 uma conversa muito positiva. Estaremos com Fl\u00e1vio e Rog\u00e9rio Marinho para discutir estrat\u00e9gias e apoiar a campanha dele aqui em S\u00e3o Paulo. Queremos oferecer o melhor palanque poss\u00edvel e apresentar ao p\u00fablico um projeto claro para o pa\u00eds, uma vis\u00e3o convergente que as pessoas est\u00e3o buscando\u201d, afirmou o governador.<\/p>\n<h3>Contexto e recentes incidentes<\/h3>\n<p>Esta reuni\u00e3o acontece poucos dias ap\u00f3s o vazamento de anota\u00e7\u00f5es manuscritas do senador Fl\u00e1vio Bolsonaro, que indicavam pend\u00eancias em v\u00e1rios estados. No caso de S\u00e3o Paulo, a primeira anota\u00e7\u00e3o dizia \u201cligar Tarc\u00edsio\u201d e mencionava o nome do vice-governador Fel\u00edcio Ramuth (PSD), com um s\u00edmbolo \u201c$\u201d, destacando a investiga\u00e7\u00e3o em curso contra Ramuth por poss\u00edvel lavagem de dinheiro. Tamb\u00e9m constava uma d\u00favida sobre a indica\u00e7\u00e3o de Andr\u00e9 do Prado como vice de Tarc\u00edsio.<\/p>\n<h3>Homenagem a Valdemar Costa Neto e implica\u00e7\u00f5es pol\u00edticas<\/h3>\n<p>Na sequ\u00eancia dos compromissos, Fl\u00e1vio Bolsonaro participou com Tarc\u00edsio da cerim\u00f4nia na Assembleia Legislativa, onde o presidente nacional do PL, Valdemar Costa Neto, recebeu o Colar de Honra ao M\u00e9rito Legislativo, a maior distin\u00e7\u00e3o do Legislativo paulista. A homenagem, proposta por Andr\u00e9 do Prado, visa reconhecer a trajet\u00f3ria pol\u00edtica e os servi\u00e7os prestados ao pa\u00eds por Valdemar, que foi deputado federal por seis mandatos e atualmente lidera o partido.<\/p>\n<p>Nos bastidores, h\u00e1 rumores de que esta homenagem pode representar tamb\u00e9m um refor\u00e7o pol\u00edtico a Andr\u00e9 do Prado, com parte da base aliada da Assembleia pressionando Tarc\u00edsio para que Prado seja escolhido como candidato a vice-governador na chapa governista para outubro. Valdemar defendeu publicamente que este direito cabe ao PL, destacando a for\u00e7a da bancada do partido na Assembleia.<\/p>\n<p>Tarc\u00edsio, por\u00e9m, demonstrou resist\u00eancia a essa press\u00e3o, afirmando que nenhuma legenda tem direito assegurado \u00e0 escolha da vaga de vice. \u201cN\u00e3o existe esse direito\u201d, declarou o governador.<\/p>\n<p>Antes do Carnaval, tramitou na Assembleia uma carta assinada por deputados que destacam o papel conciliador de Andr\u00e9 do Prado e sua relev\u00e2ncia para destravar assuntos importantes para a atual gest\u00e3o, como a privatiza\u00e7\u00e3o da Sabesp. At\u00e9 o momento, o documento conta com 20 assinaturas, e a inten\u00e7\u00e3o \u00e9 ampliar para 40 nomes.<\/p>\n<p><a href=\"https:\/\/www.infomoney.com.br\/politica\/flavio-e-tarcisio-se-encontram-para-definir-palanques-em-sp-em-meio-a-ofensiva-do-pl\/\" target=\"_blank\" rel=\"noopener\">Fonte<\/a><\/p>\n","protected":false},"excerpt":{"rendered":"<p>Palanques em S\u00e3o Paulo s\u00e3o debatidos entre Fl\u00e1vio e Tarc\u00edsio no PL para fortalecer campanha e definir candidaturas decisivas no estado.<\/p>\n","protected":false},"author":1,"featured_media":4253,"comment_status":"open","ping_status":"open","sticky":false,"template":"","format":"standard","meta":{"site-sidebar-layout":"default","site-content-layout":"","ast-site-content-layout":"default","site-content-style":"default","site-sidebar-style":"default","ast-global-header-display":"","ast-banner-title-visibility":"","ast-main-header-display":"","ast-hfb-above-header-display":"","ast-hfb-below-header-display":"","ast-hfb-mobile-header-display":"","site-post-title":"","ast-breadcrumbs-content":"","ast-featured-img":"","footer-sml-layout":"","theme-transparent-header-meta":"","adv-header-id-meta":"","stick-header-meta":"","header-above-stick-meta":"","header-main-stick-meta":"","header-below-stick-meta":"","astra-migrate-meta-layouts":"default","ast-page-background-enabled":"default","ast-page-background-meta":{"desktop":{"background-color":"var(--ast-global-color-5)","background-image":"","background-repeat":"repeat","background-position":"center center","background-size":"auto","background-attachment":"scroll","background-type":"","background-media":"","overlay-type":"","overlay-color":"","overlay-opacity":"","overlay-gradient":""},"tablet":{"background-color":"","background-image":"","background-repeat":"repeat","background-position":"center center","background-size":"auto","background-attachment":"scroll","background-type":"","background-media":"","overlay-type":"","overlay-color":"","overlay-opacity":"","overlay-gradient":""},"mobile":{"background-color":"","background-image":"","background-repeat":"repeat","background-position":"center center","background-size":"auto","background-attachment":"scroll","background-type":"","background-media":"","overlay-type":"","overlay-color":"","overlay-opacity":"","overlay-gradient":""}},"ast-content-background-meta":{"desktop":{"background-color":"var(--ast-global-color-4)","background-image":"","background-repeat":"repeat","background-position":"center center","background-size":"auto","background-attachment":"scroll","background-type":"","background-media":"","overlay-type":"","overlay-color":"","overlay-opacity":"","overlay-gradient":""},"tablet":{"background-color":"var(--ast-global-color-4)","background-image":"","background-repeat":"repeat","background-position":"center center","background-size":"auto","background-attachment":"scroll","background-type":"","background-media":"","overlay-type":"","overlay-color":"","overlay-opacity":"","overlay-gradient":""},"mobile":{"background-color":"var(--ast-global-color-4)","background-image":"","background-repeat":"repeat","background-position":"center center","background-size":"auto","background-attachment":"scroll","background-type":"","background-media":"","overlay-type":"","overlay-color":"","overlay-opacity":"","overlay-gradient":""}},"footnotes":""},"categories":[1],"tags":[],"class_list":["post-4254","post","type-post","status-publish","format-standard","has-post-thumbnail","hentry","category-ultimas"],"_links":{"self":[{"href":"https:\/\/startrico.com.br\/noticias\/wp-json\/wp\/v2\/posts\/4254","targetHints":{"allow":["GET"]}}],"collection":[{"href":"https:\/\/startrico.com.br\/noticias\/wp-json\/wp\/v2\/posts"}],"about":[{"href":"https:\/\/startrico.com.br\/noticias\/wp-json\/wp\/v2\/types\/post"}],"author":[{"embeddable":true,"href":"https:\/\/startrico.com.br\/noticias\/wp-json\/wp\/v2\/users\/1"}],"replies":[{"embeddable":true,"href":"https:\/\/startrico.com.br\/noticias\/wp-json\/wp\/v2\/comments?post=4254"}],"version-history":[{"count":0,"href":"https:\/\/startrico.com.br\/noticias\/wp-json\/wp\/v2\/posts\/4254\/revisions"}],"wp:featuredmedia":[{"embeddable":true,"href":"https:\/\/startrico.com.br\/noticias\/wp-json\/wp\/v2\/media\/4253"}],"wp:attachment":[{"href":"https:\/\/startrico.com.br\/noticias\/wp-json\/wp\/v2\/media?parent=4254"}],"wp:term":[{"taxonomy":"category","embeddable":true,"href":"https:\/\/startrico.com.br\/noticias\/wp-json\/wp\/v2\/categories?post=4254"},{"taxonomy":"post_tag","embeddable":true,"href":"https:\/\/startrico.com.br\/noticias\/wp-json\/wp\/v2\/tags?post=4254"}],"curies":[{"name":"wp","href":"https:\/\/api.w.org\/{rel}","templated":true}]}}