{"id":4410,"date":"2026-03-06T07:41:38","date_gmt":"2026-03-06T10:41:38","guid":{"rendered":"https:\/\/startrico.com.br\/noticias\/ibovespa-cai-264-com\/"},"modified":"2026-03-06T07:41:38","modified_gmt":"2026-03-06T10:41:38","slug":"ibovespa-cai-264-com","status":"publish","type":"post","link":"https:\/\/startrico.com.br\/noticias\/ibovespa-cai-264-com\/","title":{"rendered":"Ibovespa Cai 2,64% Com Tens\u00e3o No Oriente M\u00e9dio E D\u00f3lar Em Alta"},"content":{"rendered":"<h2>Ibovespa registra queda de 2,64% diante da intensifica\u00e7\u00e3o do conflito no Oriente M\u00e9dio; d\u00f3lar opera a R$ 5,28<\/h2>\n<p>Na quinta-feira (5), o Ibovespa apresentou volatilidade e terminou o dia com uma queda de 2,64%, fechando aos 180.463,84 pontos. A alta tens\u00e3o na regi\u00e3o do Oriente M\u00e9dio, envolvendo Estados Unidos, Israel e Ir\u00e3, voltou a preocupar os investidores, impactando negativamente os mercados.<\/p>\n<p>Durante o preg\u00e3o, o \u00edndice oscilou entre 179.895,37 pontos, sua m\u00ednima do dia, e a m\u00e1xima de 185.366,35 pontos. O volume financeiro negociado na B3 ficou na casa dos R$ 32,8 bilh\u00f5es.<\/p>\n<p>O clima de incerteza tem se intensificado, j\u00e1 que a expectativa inicial de que os ataques durassem cerca de cinco semanas foi revisada para um per\u00edodo mais longo. Esta situa\u00e7\u00e3o ampliou a avers\u00e3o ao risco entre os agentes do mercado.<\/p>\n<p>Jos\u00e9 Victor Cassiolato, estrategista da Victrix Capital, comentou que esses fatores provocam dois efeitos importantes: a valoriza\u00e7\u00e3o do d\u00f3lar frente ao real, observada no mercado na quinta, e a eleva\u00e7\u00e3o tempor\u00e1ria do pre\u00e7o do petr\u00f3leo, exercendo press\u00e3o inflacion\u00e1ria. Consequentemente, isso enfraquece a possibilidade de cortes na taxa de juros que tinham sido antecipados.<\/p>\n<h3>Desempenho das principais a\u00e7\u00f5es<\/h3>\n<p>Dentre as maiores valoriza\u00e7\u00f5es do dia, destacam-se as seguintes a\u00e7\u00f5es:<\/p>\n<ul class=\"myul\">\n<li>BRKM5, com alta de 16,94%, cotada a R$ 12,70;<\/li>\n<li>RECV3, valoriza\u00e7\u00e3o de 2,80%, negociada a R$ 12,85;<\/li>\n<li>SMTO3, avan\u00e7o de 2,64%, a R$ 18,26;<\/li>\n<li>PRIO3, alta de 2,59%, cotada a R$ 56,96;<\/li>\n<li>UGPA3, leve ganho de 0,50%, fechando em R$ 25,99.<\/li>\n<\/ul>\n<p>Em contrapartida, as a\u00e7\u00f5es que sofreram as maiores quedas foram:<\/p>\n<ul class=\"myul\">\n<li>RENT4, com queda de 7,26%, a R$ 44,47;<\/li>\n<li>RENT3, recuo de 6,87%, cotada a R$ 46,90;<\/li>\n<li>BEEF3, desvaloriza\u00e7\u00e3o de 6,42%, negociada a R$ 4,52;<\/li>\n<li>CSNA3, perda de 6,12%, fechado em R$ 7,51;<\/li>\n<li>EMBJ3, retra\u00e7\u00e3o de 5,71%, a R$ 87,16.<\/li>\n<\/ul>\n<h3>Impactos do conflito no c\u00e2mbio e mercados internacionais<\/h3>\n<p>A preocupa\u00e7\u00e3o com a continuidade dos ataques determinou uma postura de extrema cautela que tamb\u00e9m afetou o c\u00e2mbio. O d\u00f3lar comercial encerrou a sess\u00e3o em alta de 1,32%, cotado a R$ 5,28, sinalizando a press\u00e3o sobre o real.<\/p>\n<p>Al\u00e9m disso, as bolsas de Nova York refletem o clima negativo. O Dow Jones teve queda de 1,61%, o S&#038;P 500 recuou 0,56% e o Nasdaq apresentou baixa de 0,26%, influenciados pela aus\u00eancia de sinais para a normaliza\u00e7\u00e3o das tens\u00f5es entre EUA, Israel e Ir\u00e3.<\/p>\n<h3>Contexto dom\u00e9stico com dados do emprego<\/h3>\n<p>No cen\u00e1rio nacional, os dados sobre o mercado de trabalho tamb\u00e9m estiveram no centro das aten\u00e7\u00f5es. Segundo o IBGE, a taxa de desemprego relativa ao trimestre encerrado em janeiro subiu para 5,4%, ante 5,1% no trimestre anterior, embora a renda m\u00e9dia tenha atingido um n\u00edvel recorde.<\/p>\n<p><a href=\"https:\/\/borainvestir.b3.com.br\/noticias\/mercado\/ibovespa-b3-recua-264-com-avanco-da-guerra-no-oriente-medio-dolar-vai-a-r-528\/\" target=\"_blank\" rel=\"noopener\">Fonte<\/a><\/p>\n","protected":false},"excerpt":{"rendered":"<p>Ibovespa caiu 2,64% com avan\u00e7o da guerra no Oriente M\u00e9dio; d\u00f3lar sobe para R$ 5,28, refletindo alta tens\u00e3o e volatilidade no mercado financeiro.<\/p>\n","protected":false},"author":1,"featured_media":4409,"comment_status":"open","ping_status":"open","sticky":false,"template":"","format":"standard","meta":{"site-sidebar-layout":"default","site-content-layout":"","ast-site-content-layout":"default","site-content-style":"default","site-sidebar-style":"default","ast-global-header-display":"","ast-banner-title-visibility":"","ast-main-header-display":"","ast-hfb-above-header-display":"","ast-hfb-below-header-display":"","ast-hfb-mobile-header-display":"","site-post-title":"","ast-breadcrumbs-content":"","ast-featured-img":"","footer-sml-layout":"","theme-transparent-header-meta":"","adv-header-id-meta":"","stick-header-meta":"","header-above-stick-meta":"","header-main-stick-meta":"","header-below-stick-meta":"","astra-migrate-meta-layouts":"default","ast-page-background-enabled":"default","ast-page-background-meta":{"desktop":{"background-color":"var(--ast-global-color-5)","background-image":"","background-repeat":"repeat","background-position":"center center","background-size":"auto","background-attachment":"scroll","background-type":"","background-media":"","overlay-type":"","overlay-color":"","overlay-opacity":"","overlay-gradient":""},"tablet":{"background-color":"","background-image":"","background-repeat":"repeat","background-position":"center center","background-size":"auto","background-attachment":"scroll","background-type":"","background-media":"","overlay-type":"","overlay-color":"","overlay-opacity":"","overlay-gradient":""},"mobile":{"background-color":"","background-image":"","background-repeat":"repeat","background-position":"center center","background-size":"auto","background-attachment":"scroll","background-type":"","background-media":"","overlay-type":"","overlay-color":"","overlay-opacity":"","overlay-gradient":""}},"ast-content-background-meta":{"desktop":{"background-color":"var(--ast-global-color-4)","background-image":"","background-repeat":"repeat","background-position":"center center","background-size":"auto","background-attachment":"scroll","background-type":"","background-media":"","overlay-type":"","overlay-color":"","overlay-opacity":"","overlay-gradient":""},"tablet":{"background-color":"var(--ast-global-color-4)","background-image":"","background-repeat":"repeat","background-position":"center center","background-size":"auto","background-attachment":"scroll","background-type":"","background-media":"","overlay-type":"","overlay-color":"","overlay-opacity":"","overlay-gradient":""},"mobile":{"background-color":"var(--ast-global-color-4)","background-image":"","background-repeat":"repeat","background-position":"center center","background-size":"auto","background-attachment":"scroll","background-type":"","background-media":"","overlay-type":"","overlay-color":"","overlay-opacity":"","overlay-gradient":""}},"footnotes":""},"categories":[1],"tags":[],"class_list":["post-4410","post","type-post","status-publish","format-standard","has-post-thumbnail","hentry","category-ultimas"],"_links":{"self":[{"href":"https:\/\/startrico.com.br\/noticias\/wp-json\/wp\/v2\/posts\/4410","targetHints":{"allow":["GET"]}}],"collection":[{"href":"https:\/\/startrico.com.br\/noticias\/wp-json\/wp\/v2\/posts"}],"about":[{"href":"https:\/\/startrico.com.br\/noticias\/wp-json\/wp\/v2\/types\/post"}],"author":[{"embeddable":true,"href":"https:\/\/startrico.com.br\/noticias\/wp-json\/wp\/v2\/users\/1"}],"replies":[{"embeddable":true,"href":"https:\/\/startrico.com.br\/noticias\/wp-json\/wp\/v2\/comments?post=4410"}],"version-history":[{"count":0,"href":"https:\/\/startrico.com.br\/noticias\/wp-json\/wp\/v2\/posts\/4410\/revisions"}],"wp:featuredmedia":[{"embeddable":true,"href":"https:\/\/startrico.com.br\/noticias\/wp-json\/wp\/v2\/media\/4409"}],"wp:attachment":[{"href":"https:\/\/startrico.com.br\/noticias\/wp-json\/wp\/v2\/media?parent=4410"}],"wp:term":[{"taxonomy":"category","embeddable":true,"href":"https:\/\/startrico.com.br\/noticias\/wp-json\/wp\/v2\/categories?post=4410"},{"taxonomy":"post_tag","embeddable":true,"href":"https:\/\/startrico.com.br\/noticias\/wp-json\/wp\/v2\/tags?post=4410"}],"curies":[{"name":"wp","href":"https:\/\/api.w.org\/{rel}","templated":true}]}}