{"id":4462,"date":"2026-03-09T07:06:24","date_gmt":"2026-03-09T10:06:24","guid":{"rendered":"https:\/\/startrico.com.br\/noticias\/minidolar-testa-niveis-frente\/"},"modified":"2026-03-09T07:06:24","modified_gmt":"2026-03-09T10:06:24","slug":"minidolar-testa-niveis-frente","status":"publish","type":"post","link":"https:\/\/startrico.com.br\/noticias\/minidolar-testa-niveis-frente\/","title":{"rendered":"Minid\u00f3lar Testa N\u00edveis Frente A Guerra e Agenda Econ\u00f4mica"},"content":{"rendered":"<h2>Minid\u00f3lar (WDOJ26): d\u00f3lar testa n\u00edveis diante da guerra e agenda econ\u00f4mica movimentada<\/h2>\n<p>Neste in\u00edcio de semana, o contrato futuro do minid\u00f3lar com vencimento em abril (WDOJ26) mostrou um movimento de acomoda\u00e7\u00e3o ap\u00f3s uma sequ\u00eancia de valoriza\u00e7\u00e3o, fechando a \u00faltima sess\u00e3o de 6 de mar\u00e7o com queda de 0,24%, cotado a 5.289 pontos. O Ibovespa, por sua vez, recuou 0,61%, posicionando-se em 179.364 pontos e confirmando a maior baixa semanal desde novembro de 2022. Esse cen\u00e1rio reflete tanto o ambiente externo desafiador quanto a influ\u00eancia de uma s\u00e9rie de indicadores econ\u00f4micos e geopol\u00edticos que marcam a semana.<\/p>\n<p>A retra\u00e7\u00e3o nas bolsas globais tem rela\u00e7\u00e3o direta com o relat\u00f3rio payroll divulgado nos Estados Unidos, que revelou uma perda l\u00edquida de 92 mil vagas de emprego, evidenciando uma desacelera\u00e7\u00e3o no mercado de trabalho americano. Al\u00e9m disso, o aumento das tens\u00f5es no Oriente M\u00e9dio elevou a percep\u00e7\u00e3o de risco entre investidores, contribuindo para a cautela no mercado brasileiro.<\/p>\n<p>Para os investidores que operam com mini-\u00edndice, o dia foi caracterizado por volatilidade e press\u00e3o nos pap\u00e9is de destaque, como a\u00e7\u00f5es da Vale (VALE3) e dos bancos, apesar do desempenho positivo da Petrobras (PETR3 e PETR4), que contou com um suporte moment\u00e2neo impulsionado por seus resultados e pela eleva\u00e7\u00e3o do pre\u00e7o do petr\u00f3leo. O mercado permanece atento a indicadores futuros importantes, como os \u00edndices de infla\u00e7\u00e3o nos EUA e o IPCA brasileiro, al\u00e9m dos desdobramentos do conflito no Oriente M\u00e9dio, fatores que mant\u00eam a volatilidade do Ibovespa futuro elevada.<\/p>\n<h3>An\u00e1lise gr\u00e1fica de curto prazo (15 minutos)<\/h3>\n<p>Ao analisar o gr\u00e1fico com intervalo de 15 minutos, percebe-se que o minid\u00f3lar encerrou o preg\u00e3o em baixa, sinalizando um movimento corretivo ap\u00f3s fortes avan\u00e7os recentes. O ativo negociou entre as m\u00e9dias m\u00f3veis de 9 e 21 per\u00edodos, indicando uma fase de indefini\u00e7\u00e3o no curt\u00edssimo prazo.<\/p>\n<p>Para que haja um fortalecimento na press\u00e3o compradora, ser\u00e1 importante que o volume de negocia\u00e7\u00e3o consiga romper a faixa de resist\u00eancia situada entre 5.295 e 5.314 pontos. Ultrapassando essa barreira, o contrato pode mirar n\u00edveis entre 5.339 e 5.354,5 pontos, com possibilidade de extens\u00e3o at\u00e9 a faixa de 5.371,5 a 5.383,5 pontos.<\/p>\n<p>Em contrapartida, caso o movimento vendedor se intensifique, a perda do suporte localizado entre 5.274 e 5.262 pontos poder\u00e1 acelerar a corre\u00e7\u00e3o, levando o ativo a buscar os patamares de 5.247 a 5.229,5 pontos, e podendo chegar at\u00e9 a regi\u00e3o entre 5.204 e 5.178 pontos.<\/p>\n<p>No gr\u00e1fico di\u00e1rio, mesmo com o fechamento negativo no \u00faltimo preg\u00e3o, o minid\u00f3lar ainda se mant\u00e9m acima das m\u00e9dias m\u00f3veis, preservando uma estrutura t\u00e9cnica relativamente positiva. Assim, para retomar seu ciclo de alta, o instrumento financeiro precisa superar a zona entre 5.354,5 e 5.383,5 pontos, abrindo espa\u00e7o para alcan\u00e7ar n\u00edveis entre 5.415 e 5.525 pontos.<\/p>\n<p>Por outro lado, romper o suporte situado entre 5.229,5 e 5.157 pontos pode desencadear uma retomada do fluxo vendedor, com alvo inicial nas proximidades de 5.110 a 5.072 pontos. O \u00cdndice de For\u00e7a Relativa (IFR) de 14 per\u00edodos permanece em 50,16, indicando equil\u00edbrio e aus\u00eancia de press\u00e3o excessiva para alta ou baixa.<\/p>\n<p><img decoding=\"async\" src=\"https:\/\/www.infomoney.com.br\/wp-content\/uploads\/2026\/03\/WDOJ26-15-MINUTOS-09.03.2026-1.png?quality=70&#038;strip=all\" alt=\"Gr\u00e1fico 15 minutos Minid\u00f3lar WDOJ26\" \/><\/p>\n<h3>An\u00e1lise gr\u00e1fica de m\u00e9dio prazo (60 minutos)<\/h3>\n<p>Observando o gr\u00e1fico de 60 minutos, o minid\u00f3lar tamb\u00e9m registrou queda, negociando abaixo das m\u00e9dias m\u00f3veis de 9 e 21 per\u00edodos, o que indica perda de for\u00e7a na tend\u00eancia de curto prazo.<\/p>\n<p>Para reverter o quadro e apresentar sinais de recupera\u00e7\u00e3o, o ativo precisa romper a resist\u00eancia estabelecida entre 5.314 e 5.357 pontos. Caso tenha sucesso nesse rompimento, poder\u00e1 avan\u00e7ar rumo \u00e0 faixa de 5.383,5 a 5.415 pontos, com proje\u00e7\u00f5es estendendo-se at\u00e9 5.447 e 5.480 pontos.<\/p>\n<p>Por outro lado, se a tend\u00eancia de venda persistir, a quebra do suporte em 5.262 a 5.229,5 pontos pode levar o pre\u00e7o do contrato a testar os n\u00edveis de 5.204 a 5.155 pontos, com objetivos mais prolongados na regi\u00e3o entre 5.112 e 5.088 pontos.<\/p>\n<p><img decoding=\"async\" src=\"https:\/\/www.infomoney.com.br\/wp-content\/uploads\/2026\/03\/WDOJ26-60-MINUTOS-09.03.2026.png?quality=70&#038;strip=all\" alt=\"Gr\u00e1fico 60 minutos Minid\u00f3lar WDOJ26\" \/><\/p>\n<p><em>Fonte dos gr\u00e1ficos: Nelogica. An\u00e1lise por Rodrigo Paz.<\/em><\/p>\n<p>O atual momento do contrato minid\u00f3lar \u00e9 diretamente afetado pela conjuntura global e local, em especial pelos recentes acontecimentos geopol\u00edticos e indicadores econ\u00f4micos, que devem manter a volatilidade elevada e o olho do mercado atento \u00e0s pr\u00f3ximas diretrizes.<\/p>\n<p><a href=\"https:\/\/www.infomoney.com.br\/mercados\/minidolar-hoje-futuro-do-dolar-wdoj26-09032026\/\" target=\"_blank\" rel=\"noopener\">Fonte<\/a><\/p>\n","protected":false},"excerpt":{"rendered":"<p>Minid\u00f3lar enfrenta volatilidade devido \u00e0 guerra e agenda econ\u00f4mica intensa, influenciando investidores e mercado financeiro.<\/p>\n","protected":false},"author":1,"featured_media":4461,"comment_status":"open","ping_status":"open","sticky":false,"template":"","format":"standard","meta":{"site-sidebar-layout":"default","site-content-layout":"","ast-site-content-layout":"default","site-content-style":"default","site-sidebar-style":"default","ast-global-header-display":"","ast-banner-title-visibility":"","ast-main-header-display":"","ast-hfb-above-header-display":"","ast-hfb-below-header-display":"","ast-hfb-mobile-header-display":"","site-post-title":"","ast-breadcrumbs-content":"","ast-featured-img":"","footer-sml-layout":"","theme-transparent-header-meta":"","adv-header-id-meta":"","stick-header-meta":"","header-above-stick-meta":"","header-main-stick-meta":"","header-below-stick-meta":"","astra-migrate-meta-layouts":"default","ast-page-background-enabled":"default","ast-page-background-meta":{"desktop":{"background-color":"var(--ast-global-color-5)","background-image":"","background-repeat":"repeat","background-position":"center center","background-size":"auto","background-attachment":"scroll","background-type":"","background-media":"","overlay-type":"","overlay-color":"","overlay-opacity":"","overlay-gradient":""},"tablet":{"background-color":"","background-image":"","background-repeat":"repeat","background-position":"center center","background-size":"auto","background-attachment":"scroll","background-type":"","background-media":"","overlay-type":"","overlay-color":"","overlay-opacity":"","overlay-gradient":""},"mobile":{"background-color":"","background-image":"","background-repeat":"repeat","background-position":"center center","background-size":"auto","background-attachment":"scroll","background-type":"","background-media":"","overlay-type":"","overlay-color":"","overlay-opacity":"","overlay-gradient":""}},"ast-content-background-meta":{"desktop":{"background-color":"var(--ast-global-color-4)","background-image":"","background-repeat":"repeat","background-position":"center center","background-size":"auto","background-attachment":"scroll","background-type":"","background-media":"","overlay-type":"","overlay-color":"","overlay-opacity":"","overlay-gradient":""},"tablet":{"background-color":"var(--ast-global-color-4)","background-image":"","background-repeat":"repeat","background-position":"center center","background-size":"auto","background-attachment":"scroll","background-type":"","background-media":"","overlay-type":"","overlay-color":"","overlay-opacity":"","overlay-gradient":""},"mobile":{"background-color":"var(--ast-global-color-4)","background-image":"","background-repeat":"repeat","background-position":"center center","background-size":"auto","background-attachment":"scroll","background-type":"","background-media":"","overlay-type":"","overlay-color":"","overlay-opacity":"","overlay-gradient":""}},"footnotes":""},"categories":[1],"tags":[],"class_list":["post-4462","post","type-post","status-publish","format-standard","has-post-thumbnail","hentry","category-ultimas"],"_links":{"self":[{"href":"https:\/\/startrico.com.br\/noticias\/wp-json\/wp\/v2\/posts\/4462","targetHints":{"allow":["GET"]}}],"collection":[{"href":"https:\/\/startrico.com.br\/noticias\/wp-json\/wp\/v2\/posts"}],"about":[{"href":"https:\/\/startrico.com.br\/noticias\/wp-json\/wp\/v2\/types\/post"}],"author":[{"embeddable":true,"href":"https:\/\/startrico.com.br\/noticias\/wp-json\/wp\/v2\/users\/1"}],"replies":[{"embeddable":true,"href":"https:\/\/startrico.com.br\/noticias\/wp-json\/wp\/v2\/comments?post=4462"}],"version-history":[{"count":0,"href":"https:\/\/startrico.com.br\/noticias\/wp-json\/wp\/v2\/posts\/4462\/revisions"}],"wp:featuredmedia":[{"embeddable":true,"href":"https:\/\/startrico.com.br\/noticias\/wp-json\/wp\/v2\/media\/4461"}],"wp:attachment":[{"href":"https:\/\/startrico.com.br\/noticias\/wp-json\/wp\/v2\/media?parent=4462"}],"wp:term":[{"taxonomy":"category","embeddable":true,"href":"https:\/\/startrico.com.br\/noticias\/wp-json\/wp\/v2\/categories?post=4462"},{"taxonomy":"post_tag","embeddable":true,"href":"https:\/\/startrico.com.br\/noticias\/wp-json\/wp\/v2\/tags?post=4462"}],"curies":[{"name":"wp","href":"https:\/\/api.w.org\/{rel}","templated":true}]}}