{"id":4544,"date":"2026-03-13T07:06:23","date_gmt":"2026-03-13T10:06:23","guid":{"rendered":"https:\/\/startrico.com.br\/noticias\/acionistas-aprovam-reducao-de\/"},"modified":"2026-03-13T07:06:23","modified_gmt":"2026-03-13T10:06:23","slug":"acionistas-aprovam-reducao-de","status":"publish","type":"post","link":"https:\/\/startrico.com.br\/noticias\/acionistas-aprovam-reducao-de\/","title":{"rendered":"Acionistas Aprovam Redu\u00e7\u00e3o De Capital De R$ 4 Bi Da Telef\u00f4nica"},"content":{"rendered":"<h2>Acionistas da Telef\u00f4nica Brasil aprovam redu\u00e7\u00e3o de capital de R$ 4 bilh\u00f5es<\/h2>\n<p>Em uma assembleia geral extraordin\u00e1ria realizada recentemente, os acionistas da Telef\u00f4nica Brasil, empresa controladora da operadora Vivo, decidiram pela aprova\u00e7\u00e3o da redu\u00e7\u00e3o de capital da companhia no montante de R$ 4 bilh\u00f5es, conforme comunicado divulgado na quinta-feira.<\/p>\n<p>Segundo o documento oficial, essa redu\u00e7\u00e3o n\u00e3o envolver\u00e1 o cancelamento de a\u00e7\u00f5es, mas sim a devolu\u00e7\u00e3o parcial do valor dos pap\u00e9is aos acionistas.<\/p>\n<p>Ap\u00f3s essa opera\u00e7\u00e3o, o capital social da empresa ser\u00e1 ajustado para R$ 56,07 bilh\u00f5es.<\/p>\n<p><img decoding=\"async\" src=\"https:\/\/www.infomoney.com.br\/wp-content\/uploads\/2025\/02\/vitrine_96.jpg?fit=1280%2C722&amp;quality=70&amp;strip=all\" alt=\"Loja da Vivo (Foto: Rio Mar Fortaleza)\"\/><\/p>\n<p>A decis\u00e3o tomada pelos s\u00f3cios demonstra uma movimenta\u00e7\u00e3o estrat\u00e9gica da Telef\u00f4nica Brasil para ajustes financeiros, mantendo a estrutura societ\u00e1ria, por\u00e9m devolvendo valor aos investidores.<\/p>\n<p><a href=\"https:\/\/www.infomoney.com.br\/mercados\/acionistas-da-telefonica-brasil-aprovam-reducao-de-capital-de-r-4-bi\/\" target=\"_blank\" rel=\"noopener\">Fonte<\/a><\/p>\n","protected":false},"excerpt":{"rendered":"<p>Redu\u00e7\u00e3o de capital da Telef\u00f4nica Brasil aprovada com devolu\u00e7\u00e3o de R$ 4 bi a acionistas, ajustando o capital social da empresa.<\/p>\n","protected":false},"author":1,"featured_media":4543,"comment_status":"open","ping_status":"open","sticky":false,"template":"","format":"standard","meta":{"site-sidebar-layout":"default","site-content-layout":"","ast-site-content-layout":"default","site-content-style":"default","site-sidebar-style":"default","ast-global-header-display":"","ast-banner-title-visibility":"","ast-main-header-display":"","ast-hfb-above-header-display":"","ast-hfb-below-header-display":"","ast-hfb-mobile-header-display":"","site-post-title":"","ast-breadcrumbs-content":"","ast-featured-img":"","footer-sml-layout":"","theme-transparent-header-meta":"","adv-header-id-meta":"","stick-header-meta":"","header-above-stick-meta":"","header-main-stick-meta":"","header-below-stick-meta":"","astra-migrate-meta-layouts":"default","ast-page-background-enabled":"default","ast-page-background-meta":{"desktop":{"background-color":"var(--ast-global-color-5)","background-image":"","background-repeat":"repeat","background-position":"center center","background-size":"auto","background-attachment":"scroll","background-type":"","background-media":"","overlay-type":"","overlay-color":"","overlay-opacity":"","overlay-gradient":""},"tablet":{"background-color":"","background-image":"","background-repeat":"repeat","background-position":"center center","background-size":"auto","background-attachment":"scroll","background-type":"","background-media":"","overlay-type":"","overlay-color":"","overlay-opacity":"","overlay-gradient":""},"mobile":{"background-color":"","background-image":"","background-repeat":"repeat","background-position":"center center","background-size":"auto","background-attachment":"scroll","background-type":"","background-media":"","overlay-type":"","overlay-color":"","overlay-opacity":"","overlay-gradient":""}},"ast-content-background-meta":{"desktop":{"background-color":"var(--ast-global-color-4)","background-image":"","background-repeat":"repeat","background-position":"center center","background-size":"auto","background-attachment":"scroll","background-type":"","background-media":"","overlay-type":"","overlay-color":"","overlay-opacity":"","overlay-gradient":""},"tablet":{"background-color":"var(--ast-global-color-4)","background-image":"","background-repeat":"repeat","background-position":"center center","background-size":"auto","background-attachment":"scroll","background-type":"","background-media":"","overlay-type":"","overlay-color":"","overlay-opacity":"","overlay-gradient":""},"mobile":{"background-color":"var(--ast-global-color-4)","background-image":"","background-repeat":"repeat","background-position":"center center","background-size":"auto","background-attachment":"scroll","background-type":"","background-media":"","overlay-type":"","overlay-color":"","overlay-opacity":"","overlay-gradient":""}},"footnotes":""},"categories":[1],"tags":[],"class_list":["post-4544","post","type-post","status-publish","format-standard","has-post-thumbnail","hentry","category-ultimas"],"_links":{"self":[{"href":"https:\/\/startrico.com.br\/noticias\/wp-json\/wp\/v2\/posts\/4544","targetHints":{"allow":["GET"]}}],"collection":[{"href":"https:\/\/startrico.com.br\/noticias\/wp-json\/wp\/v2\/posts"}],"about":[{"href":"https:\/\/startrico.com.br\/noticias\/wp-json\/wp\/v2\/types\/post"}],"author":[{"embeddable":true,"href":"https:\/\/startrico.com.br\/noticias\/wp-json\/wp\/v2\/users\/1"}],"replies":[{"embeddable":true,"href":"https:\/\/startrico.com.br\/noticias\/wp-json\/wp\/v2\/comments?post=4544"}],"version-history":[{"count":0,"href":"https:\/\/startrico.com.br\/noticias\/wp-json\/wp\/v2\/posts\/4544\/revisions"}],"wp:featuredmedia":[{"embeddable":true,"href":"https:\/\/startrico.com.br\/noticias\/wp-json\/wp\/v2\/media\/4543"}],"wp:attachment":[{"href":"https:\/\/startrico.com.br\/noticias\/wp-json\/wp\/v2\/media?parent=4544"}],"wp:term":[{"taxonomy":"category","embeddable":true,"href":"https:\/\/startrico.com.br\/noticias\/wp-json\/wp\/v2\/categories?post=4544"},{"taxonomy":"post_tag","embeddable":true,"href":"https:\/\/startrico.com.br\/noticias\/wp-json\/wp\/v2\/tags?post=4544"}],"curies":[{"name":"wp","href":"https:\/\/api.w.org\/{rel}","templated":true}]}}