{"id":4560,"date":"2026-03-13T07:56:11","date_gmt":"2026-03-13T10:56:11","guid":{"rendered":"https:\/\/startrico.com.br\/noticias\/ipca-registra-alta-de\/"},"modified":"2026-03-13T07:56:11","modified_gmt":"2026-03-13T10:56:11","slug":"ipca-registra-alta-de","status":"publish","type":"post","link":"https:\/\/startrico.com.br\/noticias\/ipca-registra-alta-de\/","title":{"rendered":"IPCA Registra Alta de 0,70% Em Fevereiro Com Acelera\u00e7\u00e3o"},"content":{"rendered":"<h2>IPCA registra acelera\u00e7\u00e3o e fecha fevereiro em 0,70%<\/h2>\n<p>O \u00cdndice Nacional de Pre\u00e7os ao Consumidor Amplo (IPCA), indicador oficial da infla\u00e7\u00e3o no Brasil, apresentou alta de 0,70% em fevereiro, mostrando uma acelera\u00e7\u00e3o de 0,37 ponto percentual em rela\u00e7\u00e3o ao resultado de 0,33% apurado em janeiro. Apesar do avan\u00e7o, este foi o menor \u00edndice para o m\u00eas de fevereiro desde 2020, conforme informou Fernando Gon\u00e7alves, gerente da pesquisa.<\/p>\n<p>No acumulado dos \u00faltimos 12 meses, o IPCA alcan\u00e7ou uma eleva\u00e7\u00e3o de 3,81%. No in\u00edcio deste ano, o \u00edndice soma 1,03%, enquanto que fevereiro de 2024 registrou uma varia\u00e7\u00e3o positiva de 1,31%. Esses dados foram divulgados pelo Instituto Brasileiro de Geografia e Estat\u00edstica (IBGE) em 12 de mar\u00e7o de 2026 e superaram a expectativa do mercado financeiro, que previa alta de 0,65% para o m\u00eas.<\/p>\n<h2>Causas da alta da infla\u00e7\u00e3o em fevereiro<\/h2>\n<p>A principal contribui\u00e7\u00e3o para o aumento do IPCA em fevereiro veio do grupo Educa\u00e7\u00e3o, que avan\u00e7ou 5,21% e foi respons\u00e1vel por aproximadamente 44% da alta mensal. De acordo com o IBGE, essa varia\u00e7\u00e3o \u00e9 t\u00edpica do come\u00e7o do ano letivo, quando as escolas e cursos aplicam reajustes anuais nas mensalidades e servi\u00e7os relacionados ao per\u00edodo escolar.<\/p>\n<p>Al\u00e9m das mensalidades, a volta \u00e0s aulas tamb\u00e9m pressionou o custo de materiais escolares e servi\u00e7os educacionais. Dentro do segmento Educa\u00e7\u00e3o, os cursos regulares tiveram acr\u00e9scimo de 6,20%, com destaque para o ensino m\u00e9dio (8,19%), ensino fundamental (8,11%) e pr\u00e9-escola (7,48%). Esses reajustes refletem tanto a atualiza\u00e7\u00e3o dos custos das institui\u00e7\u00f5es quanto a demanda concentrada no in\u00edcio do ano.<\/p>\n<p>Fernando Gon\u00e7alves ressaltou que em fevereiro do ano passado, quando o IPCA foi de 1,31%, havia uma press\u00e3o maior no grupo Habita\u00e7\u00e3o, especialmente devido \u00e0 energia el\u00e9trica, em fun\u00e7\u00e3o do t\u00e9rmino do B\u00f4nus de Itaipu, o que n\u00e3o ocorreu em 2026. Ao comparar com o exerc\u00edcio anterior, Gon\u00e7alves destacou que a infla\u00e7\u00e3o no setor Educa\u00e7\u00e3o acelerou de 4,70% em fevereiro de 2025 para 5,21% em 2026.<\/p>\n<p>Outros segmentos tamb\u00e9m impactaram o \u00edndice, ainda que com menor intensidade. O grupo Transportes subiu 0,74%, impulsionado principalmente pelo aumento de 11,40% nas passagens a\u00e9reas. J\u00e1 Alimenta\u00e7\u00e3o e Bebidas apresentou uma varia\u00e7\u00e3o mais moderada, de 0,26%.<\/p>\n<h2>Resumo dos resultados do IPCA em fevereiro de 2026<\/h2>\n<ul class=\"myul\">\n<li>IPCA do m\u00eas: 0,70%<\/li>\n<li>IPCA acumulado no ano: 1,03%<\/li>\n<li>IPCA acumulado em 12 meses: 3,81%<\/li>\n<\/ul>\n<h2>Metodologia do c\u00e1lculo do IPCA<\/h2>\n<h3>1. Composi\u00e7\u00e3o da amostra de produtos e servi\u00e7os<\/h3>\n<p>O IPCA \u00e9 calculado a partir de uma sele\u00e7\u00e3o representativa de aproximadamente 400 produtos e servi\u00e7os que refletem os gastos das fam\u00edlias brasileiras. Essa amostra inclui itens de diversas categorias, como alimentos, bebidas, habita\u00e7\u00e3o, transporte, sa\u00fade, educa\u00e7\u00e3o, entre outras, baseando-se em pesquisas de or\u00e7amento familiar e dados de consumo.<\/p>\n<h3>2. Coleta de pre\u00e7os<\/h3>\n<p>Mensalmente, o IBGE realiza uma pesquisa de pre\u00e7os em cerca de 30 mil estabelecimentos espalhados por todo o pa\u00eds, incluindo supermercados, lojas de departamento, postos de combust\u00edvel, entre outros. Os valores coletados s\u00e3o comparados com os pre\u00e7os do m\u00eas anterior para medir a varia\u00e7\u00e3o.<\/p>\n<h3>3. Pondera\u00e7\u00e3o dos itens<\/h3>\n<p>Cada produto ou servi\u00e7o da amostra tem seu peso definido conforme a propor\u00e7\u00e3o que representa nos gastos totais das fam\u00edlias brasileiras. Portanto, itens que comp\u00f5em uma parcela maior dos gastos recebem maior influ\u00eancia no c\u00e1lculo do IPCA. Essa pondera\u00e7\u00e3o \u00e9 ajustada com base em pesquisas de consumo e or\u00e7amento familiar.<\/p>\n<h3>4. F\u00f3rmula do \u00edndice<\/h3>\n<p>O IPCA resulta da varia\u00e7\u00e3o ponderada dos pre\u00e7os dos produtos e servi\u00e7os em rela\u00e7\u00e3o ao m\u00eas anterior. Essa m\u00e9dia ponderada reflete o movimento geral dos pre\u00e7os ao consumidor durante o per\u00edodo analisado.<\/p>\n<h2>Conceito do IPCA acumulado<\/h2>\n<p>O IPCA acumulado \u00e9 uma m\u00e9trica que calcula a varia\u00e7\u00e3o dos pre\u00e7os de um conjunto espec\u00edfico de produtos e servi\u00e7os em um determinado intervalo de tempo. Elaborado pelo IBGE, \u00e9 considerado o \u00edndice oficial para medir a infla\u00e7\u00e3o no Brasil e \u00e9 divulgado todos os meses para acompanhamento do comportamento dos pre\u00e7os no pa\u00eds.<\/p>\n<h2>Significado da sigla IPCA<\/h2>\n<p>IPCA significa \u00cdndice Nacional de Pre\u00e7os ao Consumidor Amplo. Trata-se de um indicador que mede a varia\u00e7\u00e3o dos pre\u00e7os de bens e servi\u00e7os consumidos pelas fam\u00edlias com renda mensal que varia de um a 40 sal\u00e1rios m\u00ednimos. Calculado pelo IBGE, ele serve como refer\u00eancia oficial para acompanhar a infla\u00e7\u00e3o no Brasil.<\/p>\n<p><a href=\"https:\/\/exame.com\/economia\/ipca-acelera-novamente-e-fecha-em-070-em-fevereiro\/\" target=\"_blank\" rel=\"noopener\">Fonte<\/a><\/p>\n","protected":false},"excerpt":{"rendered":"<p>IPCA acelerou para 0,70% em fevereiro, impulsionado pela educa\u00e7\u00e3o e transporte, refletindo reajustes t\u00edpicos do per\u00edodo escolar.<\/p>\n","protected":false},"author":1,"featured_media":4559,"comment_status":"open","ping_status":"open","sticky":false,"template":"","format":"standard","meta":{"site-sidebar-layout":"default","site-content-layout":"","ast-site-content-layout":"default","site-content-style":"default","site-sidebar-style":"default","ast-global-header-display":"","ast-banner-title-visibility":"","ast-main-header-display":"","ast-hfb-above-header-display":"","ast-hfb-below-header-display":"","ast-hfb-mobile-header-display":"","site-post-title":"","ast-breadcrumbs-content":"","ast-featured-img":"","footer-sml-layout":"","theme-transparent-header-meta":"","adv-header-id-meta":"","stick-header-meta":"","header-above-stick-meta":"","header-main-stick-meta":"","header-below-stick-meta":"","astra-migrate-meta-layouts":"default","ast-page-background-enabled":"default","ast-page-background-meta":{"desktop":{"background-color":"var(--ast-global-color-5)","background-image":"","background-repeat":"repeat","background-position":"center center","background-size":"auto","background-attachment":"scroll","background-type":"","background-media":"","overlay-type":"","overlay-color":"","overlay-opacity":"","overlay-gradient":""},"tablet":{"background-color":"","background-image":"","background-repeat":"repeat","background-position":"center center","background-size":"auto","background-attachment":"scroll","background-type":"","background-media":"","overlay-type":"","overlay-color":"","overlay-opacity":"","overlay-gradient":""},"mobile":{"background-color":"","background-image":"","background-repeat":"repeat","background-position":"center center","background-size":"auto","background-attachment":"scroll","background-type":"","background-media":"","overlay-type":"","overlay-color":"","overlay-opacity":"","overlay-gradient":""}},"ast-content-background-meta":{"desktop":{"background-color":"var(--ast-global-color-4)","background-image":"","background-repeat":"repeat","background-position":"center center","background-size":"auto","background-attachment":"scroll","background-type":"","background-media":"","overlay-type":"","overlay-color":"","overlay-opacity":"","overlay-gradient":""},"tablet":{"background-color":"var(--ast-global-color-4)","background-image":"","background-repeat":"repeat","background-position":"center center","background-size":"auto","background-attachment":"scroll","background-type":"","background-media":"","overlay-type":"","overlay-color":"","overlay-opacity":"","overlay-gradient":""},"mobile":{"background-color":"var(--ast-global-color-4)","background-image":"","background-repeat":"repeat","background-position":"center center","background-size":"auto","background-attachment":"scroll","background-type":"","background-media":"","overlay-type":"","overlay-color":"","overlay-opacity":"","overlay-gradient":""}},"footnotes":""},"categories":[1],"tags":[],"class_list":["post-4560","post","type-post","status-publish","format-standard","has-post-thumbnail","hentry","category-ultimas"],"_links":{"self":[{"href":"https:\/\/startrico.com.br\/noticias\/wp-json\/wp\/v2\/posts\/4560","targetHints":{"allow":["GET"]}}],"collection":[{"href":"https:\/\/startrico.com.br\/noticias\/wp-json\/wp\/v2\/posts"}],"about":[{"href":"https:\/\/startrico.com.br\/noticias\/wp-json\/wp\/v2\/types\/post"}],"author":[{"embeddable":true,"href":"https:\/\/startrico.com.br\/noticias\/wp-json\/wp\/v2\/users\/1"}],"replies":[{"embeddable":true,"href":"https:\/\/startrico.com.br\/noticias\/wp-json\/wp\/v2\/comments?post=4560"}],"version-history":[{"count":0,"href":"https:\/\/startrico.com.br\/noticias\/wp-json\/wp\/v2\/posts\/4560\/revisions"}],"wp:featuredmedia":[{"embeddable":true,"href":"https:\/\/startrico.com.br\/noticias\/wp-json\/wp\/v2\/media\/4559"}],"wp:attachment":[{"href":"https:\/\/startrico.com.br\/noticias\/wp-json\/wp\/v2\/media?parent=4560"}],"wp:term":[{"taxonomy":"category","embeddable":true,"href":"https:\/\/startrico.com.br\/noticias\/wp-json\/wp\/v2\/categories?post=4560"},{"taxonomy":"post_tag","embeddable":true,"href":"https:\/\/startrico.com.br\/noticias\/wp-json\/wp\/v2\/tags?post=4560"}],"curies":[{"name":"wp","href":"https:\/\/api.w.org\/{rel}","templated":true}]}}