{"id":4586,"date":"2026-03-15T07:15:37","date_gmt":"2026-03-15T10:15:37","guid":{"rendered":"https:\/\/startrico.com.br\/noticias\/abono-do-pispasep-de\/"},"modified":"2026-03-15T07:15:37","modified_gmt":"2026-03-15T10:15:37","slug":"abono-do-pispasep-de","status":"publish","type":"post","link":"https:\/\/startrico.com.br\/noticias\/abono-do-pispasep-de\/","title":{"rendered":"Abono do PIS\/Pasep De Mar\u00e7o \u00c9 Pago Neste Domingo 15"},"content":{"rendered":"<h2>Pagamento do Abono do PIS\/Pasep de mar\u00e7o ser\u00e1 creditado neste domingo (15)<\/h2>\n<p>Neste domingo, dia 15, o cr\u00e9dito referente ao abono salarial do PIS\/Pasep para os trabalhadores nascidos em fevereiro ser\u00e1 disponibilizado, conforme prev\u00ea o calend\u00e1rio oficial de pagamentos de 2026.<\/p>\n<p>Os repasses come\u00e7aram em 15 de fevereiro e prosseguem at\u00e9 15 de agosto, seguindo o cronograma estabelecido pelo Conselho Deliberativo do Fundo de Amparo ao Trabalhador (Codefat).<\/p>\n<p>Previsto pela Constitui\u00e7\u00e3o Federal no artigo 239, o valor pode chegar ao montante de um sal\u00e1rio m\u00ednimo, atualmente equivalente a R$ 1.621. O calend\u00e1rio de pagamentos do PIS considera o m\u00eas de nascimento do trabalhador, enquanto o do Pasep utiliza como refer\u00eancia o \u00faltimo d\u00edgito da inscri\u00e7\u00e3o do servidor p\u00fablico.<\/p>\n<p>O governo estima que cerca de 26,9 milh\u00f5es de trabalhadores ser\u00e3o contemplados ao longo de 2026, com uma libera\u00e7\u00e3o total aproximada de R$ 33,5 bilh\u00f5es.<\/p>\n<h2>Quem tem direito ao abono salarial?<\/h2>\n<p>O abono \u00e9 destinado a trabalhadores que cumpram as seguintes condi\u00e7\u00f5es:<\/p>\n<ul class=\"myul\">\n<li>tenham atuado por pelo menos 30 dias com carteira assinada ou como servidor p\u00fablico;<\/li>\n<li>tenham recebido uma m\u00e9dia salarial de at\u00e9 dois sal\u00e1rios m\u00ednimos mensais;<\/li>\n<li>tenham sido empregados por empresas contribuinte do PIS ou do Pasep.<\/li>\n<\/ul>\n<p>Os pagamentos efetuados neste ano referem-se ao ano-base de 2024, respeitando o intervalo de dois anos para a libera\u00e7\u00e3o dos valores.<\/p>\n<h2>Locais e formas de pagamento do PIS\/Pasep<\/h2>\n<p>Os pagamentos s\u00e3o realizados por duas institui\u00e7\u00f5es financeiras:<\/p>\n<ul class=\"myul\">\n<li><strong>Caixa Econ\u00f4mica Federal (PIS):<\/strong> trabalhadores da iniciativa privada recebem preferencialmente via cr\u00e9dito em conta no aplicativo CAIXA Tem ou em uma poupan\u00e7a social digital que \u00e9 aberta automaticamente. Quem n\u00e3o possui conta pode sacar os valores presencialmente em ag\u00eancias, lot\u00e9ricas ou caixas eletr\u00f4nicos.<\/li>\n<li><strong>Banco do Brasil (Pasep):<\/strong> servidores p\u00fablicos recebem os valores creditados em conta, por PIX ou TED. Aqueles que n\u00e3o s\u00e3o correntistas devem realizar o saque diretamente nas ag\u00eancias do Banco do Brasil.<\/li>\n<\/ul>\n<h2>Valores n\u00e3o sacados e seu prazo para resgate<\/h2>\n<p>Apesar da ampla divulga\u00e7\u00e3o, uma parcela dos benefici\u00e1rios acaba n\u00e3o realizando o saque do abono. Em 2025, aproximadamente 154 mil pagamentos, totalizando R$ 161 milh\u00f5es, permaneceram sem resgate.<\/p>\n<p>Quem deixar de sacar dentro do prazo estabelecido pode realizar o resgate em at\u00e9 cinco anos ap\u00f3s a data regular, podendo inclusive contar com a autoriza\u00e7\u00e3o de dependentes em caso de falecimento do titular.<\/p>\n<h2>Calend\u00e1rio de pagamento do PIS\/Pasep para fevereiro de 2026<\/h2>\n<p>A libera\u00e7\u00e3o dos valores segue o cronograma j\u00e1 divulgado, considerando os nascidos em fevereiro como os contemplados na data de hoje. O calend\u00e1rio completo \u00e9 divulgado pelo governo e determina os per\u00edodos exatos para cada grupo.<\/p>\n<p><a href=\"https:\/\/www.moneytimes.com.br\/e-hoje-abono-do-pis-pasep-de-marco-cai-neste-domingo-15-na-conta-mlem\/\" target=\"_blank\" rel=\"noopener\">Fonte<\/a><\/p>\n","protected":false},"excerpt":{"rendered":"<p>Abono do PIS\/Pasep ser\u00e1 depositado neste domingo (15) para nascidos em fevereiro, seguindo o calend\u00e1rio oficial e beneficiando milh\u00f5es de trabalhadores.<\/p>\n","protected":false},"author":1,"featured_media":4585,"comment_status":"open","ping_status":"open","sticky":false,"template":"","format":"standard","meta":{"site-sidebar-layout":"default","site-content-layout":"","ast-site-content-layout":"default","site-content-style":"default","site-sidebar-style":"default","ast-global-header-display":"","ast-banner-title-visibility":"","ast-main-header-display":"","ast-hfb-above-header-display":"","ast-hfb-below-header-display":"","ast-hfb-mobile-header-display":"","site-post-title":"","ast-breadcrumbs-content":"","ast-featured-img":"","footer-sml-layout":"","theme-transparent-header-meta":"","adv-header-id-meta":"","stick-header-meta":"","header-above-stick-meta":"","header-main-stick-meta":"","header-below-stick-meta":"","astra-migrate-meta-layouts":"default","ast-page-background-enabled":"default","ast-page-background-meta":{"desktop":{"background-color":"var(--ast-global-color-5)","background-image":"","background-repeat":"repeat","background-position":"center center","background-size":"auto","background-attachment":"scroll","background-type":"","background-media":"","overlay-type":"","overlay-color":"","overlay-opacity":"","overlay-gradient":""},"tablet":{"background-color":"","background-image":"","background-repeat":"repeat","background-position":"center center","background-size":"auto","background-attachment":"scroll","background-type":"","background-media":"","overlay-type":"","overlay-color":"","overlay-opacity":"","overlay-gradient":""},"mobile":{"background-color":"","background-image":"","background-repeat":"repeat","background-position":"center center","background-size":"auto","background-attachment":"scroll","background-type":"","background-media":"","overlay-type":"","overlay-color":"","overlay-opacity":"","overlay-gradient":""}},"ast-content-background-meta":{"desktop":{"background-color":"var(--ast-global-color-4)","background-image":"","background-repeat":"repeat","background-position":"center center","background-size":"auto","background-attachment":"scroll","background-type":"","background-media":"","overlay-type":"","overlay-color":"","overlay-opacity":"","overlay-gradient":""},"tablet":{"background-color":"var(--ast-global-color-4)","background-image":"","background-repeat":"repeat","background-position":"center center","background-size":"auto","background-attachment":"scroll","background-type":"","background-media":"","overlay-type":"","overlay-color":"","overlay-opacity":"","overlay-gradient":""},"mobile":{"background-color":"var(--ast-global-color-4)","background-image":"","background-repeat":"repeat","background-position":"center center","background-size":"auto","background-attachment":"scroll","background-type":"","background-media":"","overlay-type":"","overlay-color":"","overlay-opacity":"","overlay-gradient":""}},"footnotes":""},"categories":[1],"tags":[],"class_list":["post-4586","post","type-post","status-publish","format-standard","has-post-thumbnail","hentry","category-ultimas"],"_links":{"self":[{"href":"https:\/\/startrico.com.br\/noticias\/wp-json\/wp\/v2\/posts\/4586","targetHints":{"allow":["GET"]}}],"collection":[{"href":"https:\/\/startrico.com.br\/noticias\/wp-json\/wp\/v2\/posts"}],"about":[{"href":"https:\/\/startrico.com.br\/noticias\/wp-json\/wp\/v2\/types\/post"}],"author":[{"embeddable":true,"href":"https:\/\/startrico.com.br\/noticias\/wp-json\/wp\/v2\/users\/1"}],"replies":[{"embeddable":true,"href":"https:\/\/startrico.com.br\/noticias\/wp-json\/wp\/v2\/comments?post=4586"}],"version-history":[{"count":0,"href":"https:\/\/startrico.com.br\/noticias\/wp-json\/wp\/v2\/posts\/4586\/revisions"}],"wp:featuredmedia":[{"embeddable":true,"href":"https:\/\/startrico.com.br\/noticias\/wp-json\/wp\/v2\/media\/4585"}],"wp:attachment":[{"href":"https:\/\/startrico.com.br\/noticias\/wp-json\/wp\/v2\/media?parent=4586"}],"wp:term":[{"taxonomy":"category","embeddable":true,"href":"https:\/\/startrico.com.br\/noticias\/wp-json\/wp\/v2\/categories?post=4586"},{"taxonomy":"post_tag","embeddable":true,"href":"https:\/\/startrico.com.br\/noticias\/wp-json\/wp\/v2\/tags?post=4586"}],"curies":[{"name":"wp","href":"https:\/\/api.w.org\/{rel}","templated":true}]}}