{"id":4832,"date":"2026-03-28T07:06:21","date_gmt":"2026-03-28T10:06:21","guid":{"rendered":"https:\/\/startrico.com.br\/noticias\/como-declarar-herancas-de\/"},"modified":"2026-03-28T07:06:21","modified_gmt":"2026-03-28T10:06:21","slug":"como-declarar-herancas-de","status":"publish","type":"post","link":"https:\/\/startrico.com.br\/noticias\/como-declarar-herancas-de\/","title":{"rendered":"Como Declarar Heran\u00e7as De Previd\u00eancia E CDB De Forma Correta"},"content":{"rendered":"<h2>Como declarar heran\u00e7as de Previd\u00eancia e CDB recebidas em 2025 e in\u00edcio de 2026<\/h2>\n<p>Quando uma pessoa falece, e os herdeiros recebem valores provenientes de Previd\u00eancia Privada ou CDB em momentos diferentes, surgem d\u00favidas sobre a forma correta de declarar esses valores no Imposto de Renda. A seguir, entenda o passo a passo para declarar corretamente esses recebimentos, conforme orienta\u00e7\u00f5es de especialistas e regras da Receita Federal.<\/p>\n<h3>Declara\u00e7\u00e3o do Esp\u00f3lio<\/h3>\n<p>O conjunto de bens, direitos e obriga\u00e7\u00f5es deixados pelo falecido \u00e9 chamado de esp\u00f3lio. A pessoa encarregada pela administra\u00e7\u00e3o desses bens \u2014 o inventariante \u2014 deve entregar a Declara\u00e7\u00e3o de Esp\u00f3lio no ano seguinte ao falecimento, utilizando o mesmo modelo da Declara\u00e7\u00e3o Anual de Ajuste do Imposto de Renda (DIRPF). Por exemplo, se o falecimento ocorreu em 2025, a declara\u00e7\u00e3o deve ser entregue em 2026.<\/p>\n<p>\u00c9 necess\u00e1rio utilizar o c\u00f3digo \u201c81 \u2013 esp\u00f3lio\u201d no campo que indica a natureza da ocupa\u00e7\u00e3o no formul\u00e1rio, identificando tamb\u00e9m o inventariante com nome e CPF na ficha correspondente ao esp\u00f3lio.<\/p>\n<p>Essa declara\u00e7\u00e3o \u00e9 feita em nome do falecido e deve ser entregue n\u00e3o apenas no ano seguinte ao falecimento, mas tamb\u00e9m nos anos subsequentes at\u00e9 a emiss\u00e3o da escritura p\u00fablica de invent\u00e1rio e partilha ou a decis\u00e3o judicial definitiva. Assim, dependendo do caso, o inventariante pode precisar apresentar mais de uma declara\u00e7\u00e3o anual.<\/p>\n<p>Tanto a declara\u00e7\u00e3o inicial quanto as intermedi\u00e1rias seguem regras similares \u00e0s da declara\u00e7\u00e3o anual comum, por isso, muitos contribuintes j\u00e1 est\u00e3o familiarizados com o procedimento. Estas declara\u00e7\u00f5es s\u00e3o importantes pois podem existir rendimentos relacionados a bens que ainda estejam registrados em nome do falecido.<\/p>\n<h3>Declara\u00e7\u00e3o dos herdeiros<\/h3>\n<p>Os herdeiros devem informar em suas pr\u00f3prias declara\u00e7\u00f5es os valores recebidos do esp\u00f3lio, normalmente ap\u00f3s a formaliza\u00e7\u00e3o pela partilha dos bens.<\/p>\n<p>Os bens e direitos recebidos como heran\u00e7a precisam ser informados na ficha \u201cRendimentos Isentos e N\u00e3o Tribut\u00e1veis\u201d, especificamente no item \u201c14 \u2013 Transfer\u00eancias patrimoniais \u2013 doa\u00e7\u00f5es e heran\u00e7as\u201d. \u00c9 necess\u00e1rio detalhar no campo \u201cDiscrimina\u00e7\u00e3o\u201d a natureza do recebimento e os dados do processo correspondente.<\/p>\n<p>Em geral, os bens devem ser declarados no ano seguinte ao recebimento. Assim, valores recebidos em 2025 constar\u00e3o na declara\u00e7\u00e3o de 2026, enquanto aqueles recebidos em 2026 devem ser inclu\u00eddos na declara\u00e7\u00e3o de 2027.<\/p>\n<p>Vale lembrar que doa\u00e7\u00f5es e heran\u00e7as geralmente n\u00e3o s\u00e3o tributadas pelo Imposto de Renda, por\u00e9m, \u00e9 recomend\u00e1vel consultar a Secretaria da Receita Estadual da localidade do benefici\u00e1rio para verificar poss\u00edveis cobran\u00e7as do Imposto sobre Transmiss\u00e3o Causa Mortis e Doa\u00e7\u00e3o (ITCMD).<\/p>\n<h3>Declara\u00e7\u00e3o final do esp\u00f3lio<\/h3>\n<p>Ap\u00f3s a conclus\u00e3o do invent\u00e1rio e partilha dos bens entre os herdeiros, deve ser entregue a Declara\u00e7\u00e3o Final de Esp\u00f3lio no ano subsequente a esse evento. Essa declara\u00e7\u00e3o \u00e9 feita em nome do falecido e \u00e9 distinta da declara\u00e7\u00e3o anual comum, embora possa ser preenchida usando o mesmo programa da Receita Federal.<\/p>\n<p>Nessa declara\u00e7\u00e3o final, devem constar todos os dados do processo jur\u00eddico do invent\u00e1rio, como vara, se\u00e7\u00e3o judici\u00e1ria e data da decis\u00e3o. Tamb\u00e9m s\u00e3o listados os nomes e CPFs dos herdeiros ou meeiros que receber\u00e3o parte dos bens, al\u00e9m da discrimina\u00e7\u00e3o da participa\u00e7\u00e3o de cada um nos bens e direitos informados na ficha espec\u00edfica.<\/p>\n<p>O prazo final para entregar essa declara\u00e7\u00e3o coincide com o da Declara\u00e7\u00e3o Anual de Ajuste \u2014 geralmente at\u00e9 29 de maio para aqueles que est\u00e3o obrigados a declarar.<\/p>\n<h3>Resumo para casos de recebimento de Previd\u00eancia e CDB na heran\u00e7a<\/h3>\n<p>Se uma pessoa faleceu em 2025 e os valores de Previd\u00eancia Privada foram pagos aos herdeiros ainda em 2025, enquanto os recursos oriundos de CDB somente foram liberados em in\u00edcio de 2026, observe:<\/p>\n<ul class=\"myul\">\n<li>O inventariante deve apresentar a Declara\u00e7\u00e3o de Esp\u00f3lio em 2026 e possivelmente em anos seguintes at\u00e9 o encerramento do invent\u00e1rio;<\/li>\n<li>Os valores da Previd\u00eancia recebidos em 2025 devem ser declarados pelos herdeiros na declara\u00e7\u00e3o de 2026;<\/li>\n<li>Os recursos do CDB recebidos em 2026 entram na declara\u00e7\u00e3o dos herdeiros referente ao ano-calend\u00e1rio 2026, ou seja, declarados em 2027.<\/li>\n<\/ul>\n<p>Esses procedimentos garantem que os herdeiros e o inventariante estejam alinhados \u00e0s exig\u00eancias da Receita Federal no que tange \u00e0 correta declara\u00e7\u00e3o dos bens herdados e valores recebidos em decorr\u00eancia do esp\u00f3lio.<\/p>\n<p><a href=\"https:\/\/www.infomoney.com.br\/minhas-financas\/recebeu-herancas-de-previdencia-e-cdb-em-2025-e-no-inicio-de-2026-veja-como-declarar\/\" target=\"_blank\" rel=\"noopener\">Fonte<\/a><\/p>\n","protected":false},"excerpt":{"rendered":"<p>Declarar heran\u00e7as de previd\u00eancia e CDB exige aten\u00e7\u00e3o \u00e0s regras da Receita Federal. Saiba como informar os valores corretamente no Imposto de Renda.<\/p>\n","protected":false},"author":1,"featured_media":4831,"comment_status":"open","ping_status":"open","sticky":false,"template":"","format":"standard","meta":{"site-sidebar-layout":"default","site-content-layout":"","ast-site-content-layout":"default","site-content-style":"default","site-sidebar-style":"default","ast-global-header-display":"","ast-banner-title-visibility":"","ast-main-header-display":"","ast-hfb-above-header-display":"","ast-hfb-below-header-display":"","ast-hfb-mobile-header-display":"","site-post-title":"","ast-breadcrumbs-content":"","ast-featured-img":"","footer-sml-layout":"","theme-transparent-header-meta":"","adv-header-id-meta":"","stick-header-meta":"","header-above-stick-meta":"","header-main-stick-meta":"","header-below-stick-meta":"","astra-migrate-meta-layouts":"default","ast-page-background-enabled":"default","ast-page-background-meta":{"desktop":{"background-color":"var(--ast-global-color-5)","background-image":"","background-repeat":"repeat","background-position":"center center","background-size":"auto","background-attachment":"scroll","background-type":"","background-media":"","overlay-type":"","overlay-color":"","overlay-opacity":"","overlay-gradient":""},"tablet":{"background-color":"","background-image":"","background-repeat":"repeat","background-position":"center center","background-size":"auto","background-attachment":"scroll","background-type":"","background-media":"","overlay-type":"","overlay-color":"","overlay-opacity":"","overlay-gradient":""},"mobile":{"background-color":"","background-image":"","background-repeat":"repeat","background-position":"center center","background-size":"auto","background-attachment":"scroll","background-type":"","background-media":"","overlay-type":"","overlay-color":"","overlay-opacity":"","overlay-gradient":""}},"ast-content-background-meta":{"desktop":{"background-color":"var(--ast-global-color-4)","background-image":"","background-repeat":"repeat","background-position":"center center","background-size":"auto","background-attachment":"scroll","background-type":"","background-media":"","overlay-type":"","overlay-color":"","overlay-opacity":"","overlay-gradient":""},"tablet":{"background-color":"var(--ast-global-color-4)","background-image":"","background-repeat":"repeat","background-position":"center center","background-size":"auto","background-attachment":"scroll","background-type":"","background-media":"","overlay-type":"","overlay-color":"","overlay-opacity":"","overlay-gradient":""},"mobile":{"background-color":"var(--ast-global-color-4)","background-image":"","background-repeat":"repeat","background-position":"center center","background-size":"auto","background-attachment":"scroll","background-type":"","background-media":"","overlay-type":"","overlay-color":"","overlay-opacity":"","overlay-gradient":""}},"footnotes":""},"categories":[1],"tags":[],"class_list":["post-4832","post","type-post","status-publish","format-standard","has-post-thumbnail","hentry","category-ultimas"],"_links":{"self":[{"href":"https:\/\/startrico.com.br\/noticias\/wp-json\/wp\/v2\/posts\/4832","targetHints":{"allow":["GET"]}}],"collection":[{"href":"https:\/\/startrico.com.br\/noticias\/wp-json\/wp\/v2\/posts"}],"about":[{"href":"https:\/\/startrico.com.br\/noticias\/wp-json\/wp\/v2\/types\/post"}],"author":[{"embeddable":true,"href":"https:\/\/startrico.com.br\/noticias\/wp-json\/wp\/v2\/users\/1"}],"replies":[{"embeddable":true,"href":"https:\/\/startrico.com.br\/noticias\/wp-json\/wp\/v2\/comments?post=4832"}],"version-history":[{"count":0,"href":"https:\/\/startrico.com.br\/noticias\/wp-json\/wp\/v2\/posts\/4832\/revisions"}],"wp:featuredmedia":[{"embeddable":true,"href":"https:\/\/startrico.com.br\/noticias\/wp-json\/wp\/v2\/media\/4831"}],"wp:attachment":[{"href":"https:\/\/startrico.com.br\/noticias\/wp-json\/wp\/v2\/media?parent=4832"}],"wp:term":[{"taxonomy":"category","embeddable":true,"href":"https:\/\/startrico.com.br\/noticias\/wp-json\/wp\/v2\/categories?post=4832"},{"taxonomy":"post_tag","embeddable":true,"href":"https:\/\/startrico.com.br\/noticias\/wp-json\/wp\/v2\/tags?post=4832"}],"curies":[{"name":"wp","href":"https:\/\/api.w.org\/{rel}","templated":true}]}}