{"id":4840,"date":"2026-03-28T07:26:21","date_gmt":"2026-03-28T10:26:21","guid":{"rendered":"https:\/\/startrico.com.br\/noticias\/4840-2\/"},"modified":"2026-03-28T07:26:21","modified_gmt":"2026-03-28T10:26:21","slug":"4840-2","status":"publish","type":"post","link":"https:\/\/startrico.com.br\/noticias\/4840-2\/","title":{"rendered":""},"content":{"rendered":"<h2>A Gera\u00e7\u00e3o Z e os desafios no mercado de trabalho<\/h2>\n<p>A Gera\u00e7\u00e3o Z enfrenta dificuldades em desenvolver as habilidades sociais necess\u00e1rias para prosperar nas organiza\u00e7\u00f5es. Muitos jovens dessa gera\u00e7\u00e3o chegam ao mercado de trabalho despreparados para lidar com as complexidades do ambiente corporativo. Para que as empresas consigam administrar essa quest\u00e3o, \u00e9 fundamental que os gestores compreendam a origem do problema e encontrem formas eficazes de preencher essas lacunas.<\/p>\n<h2>Um ambiente de trabalho complexo<\/h2>\n<p>O cotidiano profissional exige a capacidade de gerenciar relacionamentos interpessoais, desde identificar pessoas com expertise at\u00e9 enfrentar feedbacks dif\u00edceis, passando pela conviv\u00eancia com colegas de perfis variados. Essas habilidades sociais costumam ser adquiridas ao longo do tempo, seja por meio das experi\u00eancias pessoais, da observa\u00e7\u00e3o do comportamento no trabalho ou dos aprendizados decorrentes dos pr\u00f3prios erros.<\/p>\n<p>No entanto, a Gera\u00e7\u00e3o Z \u00e9 distinta das anteriores, pois muitos de seus integrantes tiveram menos intera\u00e7\u00f5es presenciais, aprenderam e se comunicaram majoritariamente em ambientes remotos e por meio de mensagens ass\u00edncronas. Isso resultou em uma menor oportunidade de praticar as habilidades interpessoais essenciais para o ambiente profissional.<\/p>\n<p>Consequentemente, muitos jovens trabalhadores chegam n\u00e3o apenas sem o preparo necess\u00e1rio para se destacar, mas at\u00e9 mesmo para manter suas posi\u00e7\u00f5es nas organiza\u00e7\u00f5es, o que tem causado um impacto direto na rotatividade. Frequentemente, esses colaboradores deixam as empresas ou s\u00e3o dispensados sem compreender os motivos, o que dificulta seu desenvolvimento futuro. Para aqueles que permanecem, a frustra\u00e7\u00e3o \u00e9 comum, enquanto os l\u00edderes se deparam com uma lacuna no entendimento das din\u00e2micas corporativas por parte desses novos talentos.<\/p>\n<p>Se essa tend\u00eancia persistir, existe o risco de formarmos uma gera\u00e7\u00e3o sem maturidade suficiente para colaborar efetivamente ou assumir posi\u00e7\u00f5es de lideran\u00e7a, comprometendo o funcionamento das organiza\u00e7\u00f5es ao longo do tempo.<\/p>\n<h2>O contexto que gerou essa situa\u00e7\u00e3o<\/h2>\n<p>As gera\u00e7\u00f5es mais recentes cresceram em um cen\u00e1rio que dificultou o desenvolvimento das compet\u00eancias interpessoais. Um exemplo \u00e9 o fato de que pouco mais da metade dos jovens da Gera\u00e7\u00e3o Z teve algum relacionamento amoroso antes de se tornar adulto, percentual bem inferior ao das gera\u00e7\u00f5es anteriores. Experi\u00eancias assim s\u00e3o fundamentais para o aprimoramento da empatia, da comunica\u00e7\u00e3o, da coopera\u00e7\u00e3o e da resolu\u00e7\u00e3o de conflitos \u2014 capacidades essenciais para o ambiente de trabalho.<\/p>\n<p>Outro ponto \u00e9 a expans\u00e3o da educa\u00e7\u00e3o online, que limita a viv\u00eancia e pr\u00e1tica dos aspectos sociais que as escolas e universidades presenciais oferecem, como colabora\u00e7\u00e3o direta, networking e a compreens\u00e3o de normas sociais fundamentais, como a forma adequada de pedir um feedback.<\/p>\n<p>Al\u00e9m disso, a comunica\u00e7\u00e3o digital predominante, por meio de mensagens escritas, prejudica a capacidade de lidar com situa\u00e7\u00f5es imprevis\u00edveis e imediatas, como reuni\u00f5es presenciais, conversas desafiadoras e feedbacks inesperados.<\/p>\n<h2>Dificuldades enfrentadas no dia a dia profissional<\/h2>\n<p>Essas falhas se manifestam em situa\u00e7\u00f5es cotidianas. Por exemplo, ao participar de uma apresenta\u00e7\u00e3o em que colegas interrompem ou falam acima de algu\u00e9m, \u00e9 necess\u00e1rio ter coragem e habilidade para confrontar esse comportamento diretamente \u2014 algo complicado para quem evita conflitos presenciais.<\/p>\n<p>Tamb\u00e9m \u00e9 crucial interpretar a din\u00e2mica da equipe, decidindo quando \u00e9 melhor falar com o grupo inteiro ou procurar um gestor diretamente. A falta de conviv\u00eancia presencial dificulta essa leitura de ambiente.<\/p>\n<p>Por fim, para tratar os conflitos, \u00e9 preciso saber comunicar-se de forma a n\u00e3o provocar defensividade e ajudar a solucionar o problema, uma compet\u00eancia que, quando ausente, tende a perpetuar os conflitos.<\/p>\n<h2>Estrat\u00e9gias para que as empresas enfrentem o desafio<\/h2>\n<p>Para lidar com esses obst\u00e1culos, a lideran\u00e7a deve revisar a forma de comunica\u00e7\u00e3o dentro das organiza\u00e7\u00f5es, buscando torn\u00e1-la mais clara e objetiva.<\/p>\n<p>Uma das primeiras medidas \u00e9 implementar regras expl\u00edcitas para a comunica\u00e7\u00e3o, incluindo normas que antes eram subentendidas, como o tom adequado para e-mails, o uso ou n\u00e3o de emojis e termos espec\u00edficos da cultura interna, especialmente para novos colaboradores.<\/p>\n<p>Tamb\u00e9m \u00e9 indispens\u00e1vel definir quais meios s\u00e3o mais apropriados para cada tipo de conversa. Quest\u00f5es simples podem ser resolvidas via mensagens escritas, mas assuntos delicados, conflitos e decis\u00f5es relevantes demandam contato por telefone, videochamadas ou presenciais.<\/p>\n<p>Al\u00e9m disso, deve-se estimular uma cultura que incentive os funcion\u00e1rios a fazer perguntas. A inseguran\u00e7a muitas vezes leva ao sil\u00eancio, atrasando o aprendizado e o alinhamento com expectativas, de modo que criar um ambiente onde d\u00favidas possam ser esclarecidas livremente \u00e9 essencial.<\/p>\n<p>Por fim, \u00e9 fundamental reconhecer que as diferentes gera\u00e7\u00f5es cresceram com formas diversas de comunica\u00e7\u00e3o e intera\u00e7\u00e3o social. Embora gestores possam n\u00e3o compreender totalmente a Gera\u00e7\u00e3o Z, o oposto tamb\u00e9m ocorre.<\/p>\n<p>Portanto, a adapta\u00e7\u00e3o organizacional requer uma mudan\u00e7a de mindset, desenvolvendo canais de comunica\u00e7\u00e3o diretos e acess\u00edveis a todos, a fim de integrar sem barreiras pessoas de todas as idades.<\/p>\n<p><em>Tessa West \u00e9 professora de psicologia na New York University e autora do livro \u201cTerapia do Trabalho: Encontrando um Trabalho que Funciona para Voc\u00ea\u201d. Contato: reports@wsj.com<\/em><\/p>\n<p><a href=\"https:\/\/investnews.com.br\/the-wall-street-journal\/a-geracao-z-esta-preparada-para-o-mercado-de-trabalho\/\" target=\"_blank\" rel=\"noopener\">Fonte<\/a><\/p>\n","protected":false},"excerpt":{"rendered":"<p>A Gera\u00e7\u00e3o Z e os desafios no mercado de trabalho A Gera\u00e7\u00e3o Z enfrenta dificuldades em desenvolver as habilidades sociais [&hellip;]<\/p>\n","protected":false},"author":1,"featured_media":4839,"comment_status":"open","ping_status":"open","sticky":false,"template":"","format":"standard","meta":{"site-sidebar-layout":"default","site-content-layout":"","ast-site-content-layout":"default","site-content-style":"default","site-sidebar-style":"default","ast-global-header-display":"","ast-banner-title-visibility":"","ast-main-header-display":"","ast-hfb-above-header-display":"","ast-hfb-below-header-display":"","ast-hfb-mobile-header-display":"","site-post-title":"","ast-breadcrumbs-content":"","ast-featured-img":"","footer-sml-layout":"","theme-transparent-header-meta":"","adv-header-id-meta":"","stick-header-meta":"","header-above-stick-meta":"","header-main-stick-meta":"","header-below-stick-meta":"","astra-migrate-meta-layouts":"default","ast-page-background-enabled":"default","ast-page-background-meta":{"desktop":{"background-color":"var(--ast-global-color-5)","background-image":"","background-repeat":"repeat","background-position":"center center","background-size":"auto","background-attachment":"scroll","background-type":"","background-media":"","overlay-type":"","overlay-color":"","overlay-opacity":"","overlay-gradient":""},"tablet":{"background-color":"","background-image":"","background-repeat":"repeat","background-position":"center center","background-size":"auto","background-attachment":"scroll","background-type":"","background-media":"","overlay-type":"","overlay-color":"","overlay-opacity":"","overlay-gradient":""},"mobile":{"background-color":"","background-image":"","background-repeat":"repeat","background-position":"center center","background-size":"auto","background-attachment":"scroll","background-type":"","background-media":"","overlay-type":"","overlay-color":"","overlay-opacity":"","overlay-gradient":""}},"ast-content-background-meta":{"desktop":{"background-color":"var(--ast-global-color-4)","background-image":"","background-repeat":"repeat","background-position":"center center","background-size":"auto","background-attachment":"scroll","background-type":"","background-media":"","overlay-type":"","overlay-color":"","overlay-opacity":"","overlay-gradient":""},"tablet":{"background-color":"var(--ast-global-color-4)","background-image":"","background-repeat":"repeat","background-position":"center center","background-size":"auto","background-attachment":"scroll","background-type":"","background-media":"","overlay-type":"","overlay-color":"","overlay-opacity":"","overlay-gradient":""},"mobile":{"background-color":"var(--ast-global-color-4)","background-image":"","background-repeat":"repeat","background-position":"center center","background-size":"auto","background-attachment":"scroll","background-type":"","background-media":"","overlay-type":"","overlay-color":"","overlay-opacity":"","overlay-gradient":""}},"footnotes":""},"categories":[1],"tags":[],"class_list":["post-4840","post","type-post","status-publish","format-standard","has-post-thumbnail","hentry","category-ultimas"],"_links":{"self":[{"href":"https:\/\/startrico.com.br\/noticias\/wp-json\/wp\/v2\/posts\/4840","targetHints":{"allow":["GET"]}}],"collection":[{"href":"https:\/\/startrico.com.br\/noticias\/wp-json\/wp\/v2\/posts"}],"about":[{"href":"https:\/\/startrico.com.br\/noticias\/wp-json\/wp\/v2\/types\/post"}],"author":[{"embeddable":true,"href":"https:\/\/startrico.com.br\/noticias\/wp-json\/wp\/v2\/users\/1"}],"replies":[{"embeddable":true,"href":"https:\/\/startrico.com.br\/noticias\/wp-json\/wp\/v2\/comments?post=4840"}],"version-history":[{"count":0,"href":"https:\/\/startrico.com.br\/noticias\/wp-json\/wp\/v2\/posts\/4840\/revisions"}],"wp:featuredmedia":[{"embeddable":true,"href":"https:\/\/startrico.com.br\/noticias\/wp-json\/wp\/v2\/media\/4839"}],"wp:attachment":[{"href":"https:\/\/startrico.com.br\/noticias\/wp-json\/wp\/v2\/media?parent=4840"}],"wp:term":[{"taxonomy":"category","embeddable":true,"href":"https:\/\/startrico.com.br\/noticias\/wp-json\/wp\/v2\/categories?post=4840"},{"taxonomy":"post_tag","embeddable":true,"href":"https:\/\/startrico.com.br\/noticias\/wp-json\/wp\/v2\/tags?post=4840"}],"curies":[{"name":"wp","href":"https:\/\/api.w.org\/{rel}","templated":true}]}}