{"id":929,"date":"2025-09-15T08:00:40","date_gmt":"2025-09-15T11:00:40","guid":{"rendered":"https:\/\/startrico.com.br\/noticias\/rcrb11-renova-contrato-de-2\/"},"modified":"2025-09-15T08:00:40","modified_gmt":"2025-09-15T11:00:40","slug":"rcrb11-renova-contrato-de-2","status":"publish","type":"post","link":"https:\/\/startrico.com.br\/noticias\/rcrb11-renova-contrato-de-2\/","title":{"rendered":"RCRB11 Renova Contrato De Aluguel Com Novo Inquilino Por 5 Anos"},"content":{"rendered":"<h2>FII RCRB11 renova contrato de aluguel por cinco anos; confira os detalhes<\/h2>\n<p>O fundo imobili\u00e1rio RCRB11 anunciou recentemente a celebra\u00e7\u00e3o de um novo contrato de loca\u00e7\u00e3o referente a dois conjuntos situados no JK Financial Center, no bairro do Itaim Bibi, em S\u00e3o Paulo.<\/p>\n<p>Esse acordo assegura a ocupa\u00e7\u00e3o imediata dos conjuntos 21 e 22, localizados no segundo andar do edif\u00edcio, totalizando uma \u00e1rea de 972,74 metros quadrados, evitando a desocupa\u00e7\u00e3o do im\u00f3vel durante a troca de inquilinos do FII RCRB11.<\/p>\n<p>O contrato foi firmado com o Instituto Brasileiro de Desenvolvimento Empresarial e Neg\u00f3cios (IBREM), uma entidade privada que oferece suporte a empres\u00e1rios. Tem dura\u00e7\u00e3o de 60 meses (cinco anos), com t\u00e9rmino previsto para setembro de 2030, incluindo reajustes anuais baseados no IPCA e cl\u00e1usulas espec\u00edficas para rescis\u00e3o antecipada.<\/p>\n<p>Se o inquilino optar por rescindir o contrato antes do prazo estipulado, \u00e9 necess\u00e1rio comunicar com 180 dias de anteced\u00eancia, quitar os alugu\u00e9is em aberto e devolver proporcionalmente os descontos e per\u00edodos de car\u00eancia concedidos, devidamente corrigidos pelo \u00edndice previsto.<\/p>\n<h3>Repercuss\u00e3o financeira e valoriza\u00e7\u00e3o do RCRB11<\/h3>\n<p>Al\u00e9m de garantir que o im\u00f3vel n\u00e3o fique vago, a negocia\u00e7\u00e3o gerou um aumento de 8% no valor da loca\u00e7\u00e3o em compara\u00e7\u00e3o com o contrato anterior, o que representa um rendimento adicional para o fundo imobili\u00e1rio RCRB11. A expectativa da gest\u00e3o \u00e9 que esse reajuste promova um acr\u00e9scimo aproximado de R$ 0,05 por cota a cada ano, ap\u00f3s o t\u00e9rmino dos benef\u00edcios de descontos e car\u00eancias.<\/p>\n<p>Para a administra\u00e7\u00e3o do fundo, este contrato evidencia a import\u00e2ncia de manter a liquidez de um ativo classificado como Triple A e refor\u00e7a a solidez da regi\u00e3o Itaim\/Faria Lima, que concentra cerca de 1,5 milh\u00e3o de metros quadrados de escrit\u00f3rios de alto padr\u00e3o, com valores m\u00e9dios de aluguel entre os maiores do pa\u00eds.<\/p>\n<p>De acordo com Anita Scal, s\u00f3cia e diretora de investimentos imobili\u00e1rios da Rio Bravo, o resultado sinaliza a habilidade do fundo em conservar uma taxa m\u00ednima de vac\u00e2ncia mesmo diante de um mercado competitivo.<\/p>\n<p>\u201cEsta r\u00e1pida substitui\u00e7\u00e3o demonstra a for\u00e7a do portf\u00f3lio e a capacidade de gerar valor duradouro para os cotistas\u201d, comentou.<\/p>\n<p>Como consequ\u00eancia, o fundo registrou uma vac\u00e2ncia l\u00edquida de somente 0,8%, uma das menores do setor, enquanto a m\u00e9dia dos escrit\u00f3rios premium em S\u00e3o Paulo estava em 18,3% no primeiro trimestre de 2025.<\/p>\n<p>A assinatura do contrato tamb\u00e9m assegura a ocupa\u00e7\u00e3o total do JK Financial Center, que foi o primeiro ativo adquirido pelo RCRB11, refor\u00e7ando a estrat\u00e9gia de fortalecimento do portf\u00f3lio, mesmo em um cen\u00e1rio de mercado desafiador.<\/p>\n<p><a href=\"https:\/\/www.statusinvest.com.br\/noticias\/fundo-imobiliario-rcrb11-contrato-novo-impacto\/\" target=\"_blank\" rel=\"noopener\">Fonte<\/a><\/p>\n","protected":false},"excerpt":{"rendered":"<p>Contrato de aluguel RCRB11 foi renovado para cinco anos com o Instituto Brasileiro de Desenvolvimento Empresarial e Neg\u00f3cios, garantindo estabilidade e ocupa\u00e7\u00e3o total do JK Financial Center. O acordo traz um aumento de 8% no aluguel, refletindo no rendimento e valoriza\u00e7\u00e3o do fundo para os cotistas, com reajustes anuais baseados no IPCA.<\/p>\n","protected":false},"author":1,"featured_media":928,"comment_status":"open","ping_status":"open","sticky":false,"template":"","format":"standard","meta":{"site-sidebar-layout":"default","site-content-layout":"","ast-site-content-layout":"default","site-content-style":"default","site-sidebar-style":"default","ast-global-header-display":"","ast-banner-title-visibility":"","ast-main-header-display":"","ast-hfb-above-header-display":"","ast-hfb-below-header-display":"","ast-hfb-mobile-header-display":"","site-post-title":"","ast-breadcrumbs-content":"","ast-featured-img":"","footer-sml-layout":"","theme-transparent-header-meta":"","adv-header-id-meta":"","stick-header-meta":"","header-above-stick-meta":"","header-main-stick-meta":"","header-below-stick-meta":"","astra-migrate-meta-layouts":"default","ast-page-background-enabled":"default","ast-page-background-meta":{"desktop":{"background-color":"var(--ast-global-color-5)","background-image":"","background-repeat":"repeat","background-position":"center center","background-size":"auto","background-attachment":"scroll","background-type":"","background-media":"","overlay-type":"","overlay-color":"","overlay-opacity":"","overlay-gradient":""},"tablet":{"background-color":"","background-image":"","background-repeat":"repeat","background-position":"center center","background-size":"auto","background-attachment":"scroll","background-type":"","background-media":"","overlay-type":"","overlay-color":"","overlay-opacity":"","overlay-gradient":""},"mobile":{"background-color":"","background-image":"","background-repeat":"repeat","background-position":"center center","background-size":"auto","background-attachment":"scroll","background-type":"","background-media":"","overlay-type":"","overlay-color":"","overlay-opacity":"","overlay-gradient":""}},"ast-content-background-meta":{"desktop":{"background-color":"var(--ast-global-color-4)","background-image":"","background-repeat":"repeat","background-position":"center center","background-size":"auto","background-attachment":"scroll","background-type":"","background-media":"","overlay-type":"","overlay-color":"","overlay-opacity":"","overlay-gradient":""},"tablet":{"background-color":"var(--ast-global-color-4)","background-image":"","background-repeat":"repeat","background-position":"center center","background-size":"auto","background-attachment":"scroll","background-type":"","background-media":"","overlay-type":"","overlay-color":"","overlay-opacity":"","overlay-gradient":""},"mobile":{"background-color":"var(--ast-global-color-4)","background-image":"","background-repeat":"repeat","background-position":"center center","background-size":"auto","background-attachment":"scroll","background-type":"","background-media":"","overlay-type":"","overlay-color":"","overlay-opacity":"","overlay-gradient":""}},"footnotes":""},"categories":[1],"tags":[],"class_list":["post-929","post","type-post","status-publish","format-standard","has-post-thumbnail","hentry","category-ultimas"],"_links":{"self":[{"href":"https:\/\/startrico.com.br\/noticias\/wp-json\/wp\/v2\/posts\/929","targetHints":{"allow":["GET"]}}],"collection":[{"href":"https:\/\/startrico.com.br\/noticias\/wp-json\/wp\/v2\/posts"}],"about":[{"href":"https:\/\/startrico.com.br\/noticias\/wp-json\/wp\/v2\/types\/post"}],"author":[{"embeddable":true,"href":"https:\/\/startrico.com.br\/noticias\/wp-json\/wp\/v2\/users\/1"}],"replies":[{"embeddable":true,"href":"https:\/\/startrico.com.br\/noticias\/wp-json\/wp\/v2\/comments?post=929"}],"version-history":[{"count":0,"href":"https:\/\/startrico.com.br\/noticias\/wp-json\/wp\/v2\/posts\/929\/revisions"}],"wp:featuredmedia":[{"embeddable":true,"href":"https:\/\/startrico.com.br\/noticias\/wp-json\/wp\/v2\/media\/928"}],"wp:attachment":[{"href":"https:\/\/startrico.com.br\/noticias\/wp-json\/wp\/v2\/media?parent=929"}],"wp:term":[{"taxonomy":"category","embeddable":true,"href":"https:\/\/startrico.com.br\/noticias\/wp-json\/wp\/v2\/categories?post=929"},{"taxonomy":"post_tag","embeddable":true,"href":"https:\/\/startrico.com.br\/noticias\/wp-json\/wp\/v2\/tags?post=929"}],"curies":[{"name":"wp","href":"https:\/\/api.w.org\/{rel}","templated":true}]}}