{"id":940,"date":"2025-09-16T07:06:03","date_gmt":"2025-09-16T10:06:03","guid":{"rendered":"https:\/\/startrico.com.br\/noticias\/traidor-da-constituicao-alckmin\/"},"modified":"2025-09-16T07:06:03","modified_gmt":"2025-09-16T10:06:03","slug":"traidor-da-constituicao-alckmin","status":"publish","type":"post","link":"https:\/\/startrico.com.br\/noticias\/traidor-da-constituicao-alckmin\/","title":{"rendered":"Traidor Da Constitui\u00e7\u00e3o: Alckmin Em Defesa Da Democracia E Da P\u00e1tria"},"content":{"rendered":"<h2>\u201cTraidor da Constitui\u00e7\u00e3o \u00e9 traidor da P\u00e1tria\u201d, afirma Alckmin em manifesta\u00e7\u00e3o pela democracia<\/h2>\n<p>Em um evento do movimento \u201cDireitos J\u00e1!\u201d, o vice-presidente Geraldo Alckmin criticou duramente as tentativas golpistas e as a\u00e7\u00f5es que, segundo ele, prejudicam a imagem do Brasil no exterior. A manifesta\u00e7\u00e3o, que reuniu pol\u00edticos, artistas e intelectuais, ocorreu no tradicional Teatro da Pontif\u00edcia Universidade Cat\u00f3lica de S\u00e3o Paulo (TUCA).<\/p>\n<p>Durante seu discurso, Alckmin fez um forte apelo em defesa da democracia e das institui\u00e7\u00f5es brasileiras. Ele destacou a gravidade das investidas contra o Estado Democr\u00e1tico de Direito, afirmando: \u201cImaginem, se perderam as elei\u00e7\u00f5es, tentaram dar o golpe, imaginem se tivessem ganhado as elei\u00e7\u00f5es\u201d.<\/p>\n<p>O vice-presidente tamb\u00e9m condenou a atua\u00e7\u00e3o de bolsonaristas que, mesmo fora do governo, continuam atuando contra os interesses do pa\u00eds no cen\u00e1rio internacional, divulgando not\u00edcias falsas para prejudicar empregos e empresas brasileiras. Embora sem mencionar nomes, Alckmin fez refer\u00eancia indireta ao deputado federal Eduardo Bolsonaro, que tem buscado apoio nos Estados Unidos para anistiar condenados pela trama golpista. Segundo ele, n\u00e3o pode haver crime pol\u00edtico maior do que colaborar contra a pr\u00f3pria democracia nacional.<\/p>\n<p>O pronunciamento aconteceu em celebra\u00e7\u00e3o ao Dia Internacional da Democracia, que teve como tema a defesa da soberania nacional. O Supremo Tribunal Federal (STF) foi aplaudido pelo p\u00fablico presente durante o evento.<\/p>\n<p>Alckmin enalteceu o papel do Poder Judici\u00e1rio e refor\u00e7ou a import\u00e2ncia da separa\u00e7\u00e3o dos poderes, princ\u00edpio fundamental garantido pela Constitui\u00e7\u00e3o. Para encerrar sua fala, citou a conhecida frase de Ulysses Guimar\u00e3es: \u201cTraidor da Constitui\u00e7\u00e3o \u00e9 traidor da P\u00e1tria\u201d.<\/p>\n<p>A escolha do Teatro da PUC para sediar a manifesta\u00e7\u00e3o teve forte simbolismo hist\u00f3rico. Desde sua inaugura\u00e7\u00e3o em 1965, o TUCA se consolidou como um centro cultural e um importante espa\u00e7o de resist\u00eancia contra a ditadura militar, tendo sido palco de diversas mobiliza\u00e7\u00f5es estudantis e civis que colaboraram para a redemocratiza\u00e7\u00e3o do Brasil.<\/p>\n<p>A ministra do Meio Ambiente, Marina Silva, participou do encontro por meio de v\u00eddeo e relembrou as dificuldades enfrentadas para a constru\u00e7\u00e3o da democracia ap\u00f3s 21 anos de regime autorit\u00e1rio. Ela ressaltou que nunca imaginou que o Estado Democr\u00e1tico de Direito pudesse novamente ser amea\u00e7ado por grupos golpistas, em refer\u00eancia aos epis\u00f3dios violentos de 8 de janeiro de 2023.<\/p>\n<p>Marina destacou ainda o cen\u00e1rio atual de intensifica\u00e7\u00e3o da radicaliza\u00e7\u00e3o pol\u00edtica, dissemina\u00e7\u00e3o de fake news e interfer\u00eancias externas in\u00e9ditas desde a Guerra Fria, defendendo que somente com uma democracia robusta e participativa o Brasil poder\u00e1 trilhar um caminho de prosperidade alinhado ao desenvolvimento sustent\u00e1vel.<\/p>\n<p>O ministro do Desenvolvimento Social, Wellington Dias, acrescentou que a prote\u00e7\u00e3o da democracia requer mais do que manifesta\u00e7\u00f5es p\u00fablicas, sendo necess\u00e1rio um amplo pacto interno no pa\u00eds e a forma\u00e7\u00e3o de alian\u00e7as internacionais para enfrentar movimentos antidemocr\u00e1ticos globais.<\/p>\n<p>O ato ocorreu em um contexto de elevada tens\u00e3o pol\u00edtica, ap\u00f3s a condena\u00e7\u00e3o do ex-presidente Jair Bolsonaro por seu envolvimento na trama golpista, decis\u00e3o que gerou repercuss\u00e3o internacional e agravou a crise diplom\u00e1tica entre Brasil e Estados Unidos.<\/p>\n<p>Recentemente, as rela\u00e7\u00f5es bilaterais sofreram novos abalos com amea\u00e7as de san\u00e7\u00f5es e dificuldades relacionadas \u00e0 concess\u00e3o de vistos para a comitiva do presidente Luiz In\u00e1cio Lula da Silva, que deve participar da Assembleia-Geral da ONU em Nova York na pr\u00f3xima semana.<\/p>\n<p>Em entrevista \u00e0 rede norte-americana Fox News, o secret\u00e1rio de Estado dos EUA, Marco Rubio, afirmou que o pa\u00eds adotar\u00e1 medidas punitivas em resposta \u00e0 condena\u00e7\u00e3o de Bolsonaro, com an\u00fancios previstos para a pr\u00f3xima semana.<\/p>\n<p><a href=\"https:\/\/www.infomoney.com.br\/politica\/traidor-da-constituicao-e-traidor-da-patria-diz-alckmin-em-ato-pela-democracia\/\" target=\"_blank\" rel=\"noopener\">Fonte<\/a><\/p>\n","protected":false},"excerpt":{"rendered":"<p>Traidor da Constitui\u00e7\u00e3o foi a express\u00e3o utilizada por Alckmin para condenar a\u00e7\u00f5es golpistas e amea\u00e7as \u00e0 democracia no Brasil. Em ato no TUCA, ele defendeu o Estado Democr\u00e1tico de Direito, enfatizou o papel do STF e criticou ataques \u00e0 imagem do pa\u00eds no exterior, destacando a necessidade de uni\u00e3o para preservar a democracia.<\/p>\n","protected":false},"author":1,"featured_media":939,"comment_status":"open","ping_status":"open","sticky":false,"template":"","format":"standard","meta":{"site-sidebar-layout":"default","site-content-layout":"","ast-site-content-layout":"default","site-content-style":"default","site-sidebar-style":"default","ast-global-header-display":"","ast-banner-title-visibility":"","ast-main-header-display":"","ast-hfb-above-header-display":"","ast-hfb-below-header-display":"","ast-hfb-mobile-header-display":"","site-post-title":"","ast-breadcrumbs-content":"","ast-featured-img":"","footer-sml-layout":"","theme-transparent-header-meta":"","adv-header-id-meta":"","stick-header-meta":"","header-above-stick-meta":"","header-main-stick-meta":"","header-below-stick-meta":"","astra-migrate-meta-layouts":"default","ast-page-background-enabled":"default","ast-page-background-meta":{"desktop":{"background-color":"var(--ast-global-color-5)","background-image":"","background-repeat":"repeat","background-position":"center center","background-size":"auto","background-attachment":"scroll","background-type":"","background-media":"","overlay-type":"","overlay-color":"","overlay-opacity":"","overlay-gradient":""},"tablet":{"background-color":"","background-image":"","background-repeat":"repeat","background-position":"center center","background-size":"auto","background-attachment":"scroll","background-type":"","background-media":"","overlay-type":"","overlay-color":"","overlay-opacity":"","overlay-gradient":""},"mobile":{"background-color":"","background-image":"","background-repeat":"repeat","background-position":"center center","background-size":"auto","background-attachment":"scroll","background-type":"","background-media":"","overlay-type":"","overlay-color":"","overlay-opacity":"","overlay-gradient":""}},"ast-content-background-meta":{"desktop":{"background-color":"var(--ast-global-color-4)","background-image":"","background-repeat":"repeat","background-position":"center center","background-size":"auto","background-attachment":"scroll","background-type":"","background-media":"","overlay-type":"","overlay-color":"","overlay-opacity":"","overlay-gradient":""},"tablet":{"background-color":"var(--ast-global-color-4)","background-image":"","background-repeat":"repeat","background-position":"center center","background-size":"auto","background-attachment":"scroll","background-type":"","background-media":"","overlay-type":"","overlay-color":"","overlay-opacity":"","overlay-gradient":""},"mobile":{"background-color":"var(--ast-global-color-4)","background-image":"","background-repeat":"repeat","background-position":"center center","background-size":"auto","background-attachment":"scroll","background-type":"","background-media":"","overlay-type":"","overlay-color":"","overlay-opacity":"","overlay-gradient":""}},"footnotes":""},"categories":[1],"tags":[],"class_list":["post-940","post","type-post","status-publish","format-standard","has-post-thumbnail","hentry","category-ultimas"],"_links":{"self":[{"href":"https:\/\/startrico.com.br\/noticias\/wp-json\/wp\/v2\/posts\/940","targetHints":{"allow":["GET"]}}],"collection":[{"href":"https:\/\/startrico.com.br\/noticias\/wp-json\/wp\/v2\/posts"}],"about":[{"href":"https:\/\/startrico.com.br\/noticias\/wp-json\/wp\/v2\/types\/post"}],"author":[{"embeddable":true,"href":"https:\/\/startrico.com.br\/noticias\/wp-json\/wp\/v2\/users\/1"}],"replies":[{"embeddable":true,"href":"https:\/\/startrico.com.br\/noticias\/wp-json\/wp\/v2\/comments?post=940"}],"version-history":[{"count":0,"href":"https:\/\/startrico.com.br\/noticias\/wp-json\/wp\/v2\/posts\/940\/revisions"}],"wp:featuredmedia":[{"embeddable":true,"href":"https:\/\/startrico.com.br\/noticias\/wp-json\/wp\/v2\/media\/939"}],"wp:attachment":[{"href":"https:\/\/startrico.com.br\/noticias\/wp-json\/wp\/v2\/media?parent=940"}],"wp:term":[{"taxonomy":"category","embeddable":true,"href":"https:\/\/startrico.com.br\/noticias\/wp-json\/wp\/v2\/categories?post=940"},{"taxonomy":"post_tag","embeddable":true,"href":"https:\/\/startrico.com.br\/noticias\/wp-json\/wp\/v2\/tags?post=940"}],"curies":[{"name":"wp","href":"https:\/\/api.w.org\/{rel}","templated":true}]}}