{"id":966,"date":"2025-09-17T07:05:47","date_gmt":"2025-09-17T10:05:47","guid":{"rendered":"https:\/\/startrico.com.br\/noticias\/pesquisa-quaest-aponta-maioria\/"},"modified":"2025-09-17T07:05:47","modified_gmt":"2025-09-17T10:05:47","slug":"pesquisa-quaest-aponta-maioria","status":"publish","type":"post","link":"https:\/\/startrico.com.br\/noticias\/pesquisa-quaest-aponta-maioria\/","title":{"rendered":"Pesquisa Quaest Aponta Maioria Contra Impeachment de Moraes e V\u00ea Golpe de Bolsonaro"},"content":{"rendered":"<h2>Pesquisa Quaest revela que maioria da popula\u00e7\u00e3o enxerga tentativa de golpe por Bolsonaro e rejeita impeachment de Moraes<\/h2>\n<p>Um levantamento recente realizado pela Quaest, divulgado nesta quarta-feira (17), aponta um aumento na percep\u00e7\u00e3o da popula\u00e7\u00e3o sobre a participa\u00e7\u00e3o direta de Jair Bolsonaro (PL) em uma tentativa de golpe de Estado. Esta pesquisa \u00e9 a primeira realizada ap\u00f3s o fim do julgamento dos envolvidos no caso pelo Supremo Tribunal Federal (STF), processo que culminou na condena\u00e7\u00e3o de generais e do ex-presidente.<\/p>\n<p>De acordo com os dados, 55% dos entrevistados creem que houve uma tentativa de golpe no pa\u00eds, enquanto 54% afirmam que Bolsonaro esteve envolvido nessa a\u00e7\u00e3o. Esses n\u00fameros v\u00eam crescendo de forma gradual desde dezembro de 2024.<\/p>\n<p>Al\u00e9m disso, a rejei\u00e7\u00e3o ao impeachment do ministro Alexandre de Moraes aumentou significativamente. A fatia da popula\u00e7\u00e3o contr\u00e1ria a essa medida subiu de 43% para 52% entre agosto e setembro, ao passo que o apoio ao impedimento caiu de 46% para 36%. Essa transforma\u00e7\u00e3o foi mais not\u00e1vel entre aqueles que antes n\u00e3o possu\u00edam opini\u00e3o formada, dentre os quais 56% agora rejeitam o impeachment, contra 44% do m\u00eas anterior.<\/p>\n<p>Quanto \u00e0 condena\u00e7\u00e3o imposta a Bolsonaro, quase metade dos entrevistados consideram que a pena de 27 anos e 3 meses foi mais severa do que necess\u00e1rio. Contudo, puni\u00e7\u00f5es alternativas como pris\u00e3o domiciliar, uso de tornozeleira eletr\u00f4nica e a inelegibilidade do ex-presidente contam com aprova\u00e7\u00e3o majorit\u00e1ria.<\/p>\n<p>A pesquisa foi conduzida entre os dias 12 e 14 de setembro, abrangendo 2.004 entrevistas presenciais distribu\u00eddas por todas as regi\u00f5es do Brasil. A margem de erro \u00e9 de 2,2 pontos percentuais.<\/p>\n<h3>Destaques principais do estudo sobre o STF e o julgamento<\/h3>\n<p>Os n\u00fameros coletados mostram:<\/p>\n<ul class=\"myul\">\n<li>55% acreditam na exist\u00eancia de uma tentativa de golpe<\/li>\n<li>54% atribuem participa\u00e7\u00e3o de Bolsonaro no epis\u00f3dio<\/li>\n<li>42% veem o processo de indiciamento de Bolsonaro como imparcial, aumento em rela\u00e7\u00e3o aos 36% de agosto, enquanto 47% indicam persegui\u00e7\u00e3o, recuo em compara\u00e7\u00e3o aos 52% anteriores<\/li>\n<li>52% s\u00e3o contra o impeachment do ministro Alexandre de Moraes, crescimento em rela\u00e7\u00e3o a 43% do m\u00eas anterior; 36% apoiam o impedimento, abaixo dos 46%<\/li>\n<li>41% aprovam a atua\u00e7\u00e3o de Moraes, 36% acreditam que ele age de forma exagerada e merece impeachment, e 11% consideram o comportamento excessivo, mas rejeitam sua destitui\u00e7\u00e3o<\/li>\n<li>49% julgam maior do que o adequado a pena aplicada a Bolsonaro; 35% a consideram justa; 12% a veem como insuficiente<\/li>\n<li>Medidas alternativas \u00e0 pris\u00e3o presencial como pris\u00e3o domiciliar (51%), uso de tornozeleira eletr\u00f4nica (48%) e inelegibilidade eleitoral (47%) recebem apoio da maioria<\/li>\n<\/ul>\n<p><a href=\"https:\/\/www.infomoney.com.br\/politica\/quaest-maioria-ve-tentativa-de-golpe-de-bolsonaro-e-rejeita-impeachment-de-moraes\/\" target=\"_blank\" rel=\"noopener\">Fonte<\/a><\/p>\n","protected":false},"excerpt":{"rendered":"<p>Pesquisa Quaest mostra que a maioria dos brasileiros acredita em uma tentativa de golpe de Bolsonaro e rejeita o impeachment do ministro Alexandre de Moraes. Os dados indicam crescimento da rejei\u00e7\u00e3o ao impedimento e apoio a puni\u00e7\u00f5es alternativas, refletindo a opini\u00e3o p\u00fablica sobre o julgamento do STF com alta representatividade nacional.<\/p>\n","protected":false},"author":1,"featured_media":965,"comment_status":"open","ping_status":"open","sticky":false,"template":"","format":"standard","meta":{"site-sidebar-layout":"default","site-content-layout":"","ast-site-content-layout":"default","site-content-style":"default","site-sidebar-style":"default","ast-global-header-display":"","ast-banner-title-visibility":"","ast-main-header-display":"","ast-hfb-above-header-display":"","ast-hfb-below-header-display":"","ast-hfb-mobile-header-display":"","site-post-title":"","ast-breadcrumbs-content":"","ast-featured-img":"","footer-sml-layout":"","theme-transparent-header-meta":"","adv-header-id-meta":"","stick-header-meta":"","header-above-stick-meta":"","header-main-stick-meta":"","header-below-stick-meta":"","astra-migrate-meta-layouts":"default","ast-page-background-enabled":"default","ast-page-background-meta":{"desktop":{"background-color":"var(--ast-global-color-5)","background-image":"","background-repeat":"repeat","background-position":"center center","background-size":"auto","background-attachment":"scroll","background-type":"","background-media":"","overlay-type":"","overlay-color":"","overlay-opacity":"","overlay-gradient":""},"tablet":{"background-color":"","background-image":"","background-repeat":"repeat","background-position":"center center","background-size":"auto","background-attachment":"scroll","background-type":"","background-media":"","overlay-type":"","overlay-color":"","overlay-opacity":"","overlay-gradient":""},"mobile":{"background-color":"","background-image":"","background-repeat":"repeat","background-position":"center center","background-size":"auto","background-attachment":"scroll","background-type":"","background-media":"","overlay-type":"","overlay-color":"","overlay-opacity":"","overlay-gradient":""}},"ast-content-background-meta":{"desktop":{"background-color":"var(--ast-global-color-4)","background-image":"","background-repeat":"repeat","background-position":"center center","background-size":"auto","background-attachment":"scroll","background-type":"","background-media":"","overlay-type":"","overlay-color":"","overlay-opacity":"","overlay-gradient":""},"tablet":{"background-color":"var(--ast-global-color-4)","background-image":"","background-repeat":"repeat","background-position":"center center","background-size":"auto","background-attachment":"scroll","background-type":"","background-media":"","overlay-type":"","overlay-color":"","overlay-opacity":"","overlay-gradient":""},"mobile":{"background-color":"var(--ast-global-color-4)","background-image":"","background-repeat":"repeat","background-position":"center center","background-size":"auto","background-attachment":"scroll","background-type":"","background-media":"","overlay-type":"","overlay-color":"","overlay-opacity":"","overlay-gradient":""}},"footnotes":""},"categories":[1],"tags":[],"class_list":["post-966","post","type-post","status-publish","format-standard","has-post-thumbnail","hentry","category-ultimas"],"_links":{"self":[{"href":"https:\/\/startrico.com.br\/noticias\/wp-json\/wp\/v2\/posts\/966","targetHints":{"allow":["GET"]}}],"collection":[{"href":"https:\/\/startrico.com.br\/noticias\/wp-json\/wp\/v2\/posts"}],"about":[{"href":"https:\/\/startrico.com.br\/noticias\/wp-json\/wp\/v2\/types\/post"}],"author":[{"embeddable":true,"href":"https:\/\/startrico.com.br\/noticias\/wp-json\/wp\/v2\/users\/1"}],"replies":[{"embeddable":true,"href":"https:\/\/startrico.com.br\/noticias\/wp-json\/wp\/v2\/comments?post=966"}],"version-history":[{"count":0,"href":"https:\/\/startrico.com.br\/noticias\/wp-json\/wp\/v2\/posts\/966\/revisions"}],"wp:featuredmedia":[{"embeddable":true,"href":"https:\/\/startrico.com.br\/noticias\/wp-json\/wp\/v2\/media\/965"}],"wp:attachment":[{"href":"https:\/\/startrico.com.br\/noticias\/wp-json\/wp\/v2\/media?parent=966"}],"wp:term":[{"taxonomy":"category","embeddable":true,"href":"https:\/\/startrico.com.br\/noticias\/wp-json\/wp\/v2\/categories?post=966"},{"taxonomy":"post_tag","embeddable":true,"href":"https:\/\/startrico.com.br\/noticias\/wp-json\/wp\/v2\/tags?post=966"}],"curies":[{"name":"wp","href":"https:\/\/api.w.org\/{rel}","templated":true}]}}